{"id":846,"date":"2012-06-27T16:41:04","date_gmt":"2012-06-27T16:41:04","guid":{"rendered":"http:\/\/www.leperrierveloclub.com\/?p=846"},"modified":"2012-07-27T15:54:30","modified_gmt":"2012-07-27T15:54:30","slug":"course-de-lucon-ufolep-du-23062012","status":"publish","type":"post","link":"http:\/\/www.leperrierveloclub.com\/index.php\/les-actualites\/infos\/course-de-lucon-ufolep-du-23062012-846","title":{"rendered":"Course de Lu\u00e7on UFOLEP du 23\/06\/2012"},"content":{"rendered":"<h1>Course de Lu\u00e7on en 1ere cat\u00e9gorie UFOLEP du 23\/06\/2012<\/h1>\n<h2>R\u00e9sultats de la course de Lu\u00e7on\u00a0 en 1ere cat\u00e9gorie UFOLEP du 23\/06\/2012<\/h2>\n<table width=\"503\" border=\"0\" cellspacing=\"0\" cellpadding=\"0\">\n<colgroup>\n<col width=\"77\" \/>\n<col width=\"93\" \/>\n<col width=\"98\" \/>\n<col width=\"235\" \/> <\/colgroup>\n<tbody>\n<tr>\n<th width=\"77\" height=\"20\">CLASSEMENT<\/th>\n<th width=\"93\">NOM<\/th>\n<th width=\"98\">PRENOM<\/th>\n<th width=\"235\">CLUB<\/th>\n<\/tr>\n<tr>\n<td height=\"20\">1<\/td>\n<td>JACQUET<\/td>\n<td>Yohann<\/td>\n<td>V.C.LUCON<\/td>\n<\/tr>\n<tr>\n<td height=\"20\">2<\/td>\n<td>GUILLAUD<\/td>\n<td>Cedric<\/td>\n<td>V.C.MARENNES 17<\/td>\n<\/tr>\n<tr>\n<td height=\"20\">3<\/td>\n<td>CORNU<\/td>\n<td>Jean Baptiste<\/td>\n<td>V.C. VENANSAULT<\/td>\n<\/tr>\n<tr>\n<td height=\"20\">4<\/td>\n<td>COUTANT<\/td>\n<td>Renaud<\/td>\n<td>C.R.POUZAUGES<\/td>\n<\/tr>\n<tr>\n<td height=\"20\"><span style=\"color: #33b730;\">5<\/span><\/td>\n<td><span style=\"color: #33b730;\">PROISY<\/span><\/td>\n<td><span style=\"color: #33b730;\">Freddy<\/span><\/td>\n<td><span style=\"color: #33b730;\">LE PERRIER VELO CLUB<\/span><\/td>\n<\/tr>\n<tr>\n<td height=\"20\">6<\/td>\n<td>LEBOUCHER<\/td>\n<td>Anthony<\/td>\n<td>VELO SPRINT PALMA 31<\/td>\n<\/tr>\n<tr>\n<td height=\"20\">7<\/td>\n<td>COUTAND<\/td>\n<td>St\u00e9phane<\/td>\n<td>AL\/OULMES\/BOUILLE\/COURDAULT<\/td>\n<\/tr>\n<\/tbody>\n<\/table>\n<h1>Course de Lu\u00e7on en 3e cat\u00e9gorie UFOLEP du 23\/06\/2012<\/h1>\n<h2>R\u00e9sultats de la course de Lu\u00e7on en 3e cat\u00e9gorie UFOLEP du 23\/06\/2012<\/h2>\n<table width=\"503\" border=\"0\" cellspacing=\"0\" cellpadding=\"0\">\n<colgroup>\n<col width=\"77\" \/>\n<col width=\"93\" \/>\n<col width=\"98\" \/>\n<col width=\"235\" \/> <\/colgroup>\n<tbody>\n<tr>\n<th width=\"77\" height=\"20\">CLASSEMENT<\/th>\n<th width=\"93\">NOM<\/th>\n<th width=\"98\">PRENOM<\/th>\n<th width=\"235\">CLUB<\/th>\n<\/tr>\n<tr>\n<td height=\"20\">1<\/td>\n<td>POYVRE<\/td>\n<td>Anthony<\/td>\n<td>AL OULMES\/BOUILLE\/COURDAULT<\/td>\n<\/tr>\n<tr>\n<td height=\"20\">2<\/td>\n<td>FILLONEAU<\/td>\n<td>Laurent<\/td>\n<td>C.C. SERIGNE<\/td>\n<\/tr>\n<tr>\n<td height=\"20\">3<\/td>\n<td>ARTALLOU<\/td>\n<td>Jean Michel<\/td>\n<td>A.C. CORPE<\/td>\n<\/tr>\n<tr>\n<td height=\"20\">4<\/td>\n<td>LENGLET<\/td>\n<td>Lucas<\/td>\n<td>S.V. FONTENAY<\/td>\n<\/tr>\n<tr>\n<td height=\"20\">5<\/td>\n<td>TEILLET<\/td>\n<td>Yves<\/td>\n<td>A.C. CORPE<\/td>\n<\/tr>\n<tr>\n<td height=\"20\">6<\/td>\n<td>FORGEAU<\/td>\n<td>Philippe<\/td>\n<td>V.C. LUCON<\/td>\n<\/tr>\n<tr>\n<td height=\"20\">7<\/td>\n<td>BARRATEAU<\/td>\n<td>Serge<\/td>\n<td>MOUILLERON SPORT CYCLISME<\/td>\n<\/tr>\n<tr>\n<td height=\"20\">8<\/td>\n<td>REIGNIER<\/td>\n<td>Patrick<\/td>\n<td>C.R. POUZAUGES<\/td>\n<\/tr>\n<tr>\n<td height=\"20\">9<\/td>\n<td>GATTEAU<\/td>\n<td>Steve<\/td>\n<td>V.C. LUCON<\/td>\n<\/tr>\n<tr>\n<td height=\"20\"><span style=\"color: #33b730;\">10<\/span><\/td>\n<td><span style=\"color: #33b730;\">ROBERT<\/span><\/td>\n<td><span style=\"color: #33b730;\">Alain<\/span><\/td>\n<td><span style=\"color: #33b730;\">LE PERRIER VELO CLUB<\/span><\/td>\n<\/tr>\n<\/tbody>\n<\/table>\n<h2>Album photos de la course de Lu\u00e7on en 3e cat\u00e9gorie UFOLEP du 23\/06\/2012<\/h2>\nngg_shortcode_0_placeholder\n<h1>Course de Lu\u00e7on en cat\u00e9gorie GS UFOLEP du 23\/06\/2012<\/h1>\n<h2>R\u00e9sultats de la course de Lu\u00e7on en cat\u00e9gorie GS UFOLEP du 23\/06\/2012<\/h2>\n<table width=\"518\" border=\"0\" cellspacing=\"0\" cellpadding=\"0\">\n<colgroup>\n<col width=\"77\" \/>\n<col width=\"108\" \/>\n<col width=\"98\" \/>\n<col width=\"235\" \/> <\/colgroup>\n<tbody>\n<tr>\n<th width=\"77\" height=\"20\">CLASSEMENT<\/th>\n<th width=\"108\">NOM<\/th>\n<th width=\"98\">PRENOM<\/th>\n<th width=\"235\">CLUB<\/th>\n<\/tr>\n<tr>\n<td height=\"20\">1<\/td>\n<td>LACROIX<\/td>\n<td>Gerard<\/td>\n<td>A.S.C.C. VOISENON 77<\/td>\n<\/tr>\n<tr>\n<td height=\"20\">2<\/td>\n<td>BESSEAU<\/td>\n<td>Julien<\/td>\n<td>S.S. NIEULAISE<\/td>\n<\/tr>\n<tr>\n<td height=\"20\">3<\/td>\n<td>PICHON<\/td>\n<td>Bernard<\/td>\n<td>V.H. VIHERSOIS 49<\/td>\n<\/tr>\n<tr>\n<td height=\"20\">4<\/td>\n<td>TESSIER<\/td>\n<td>Claude<\/td>\n<td>S.S. NIEULAISE<\/td>\n<\/tr>\n<tr>\n<td height=\"20\">5<\/td>\n<td>BERTRAND<\/td>\n<td>Jacques<\/td>\n<td>V.C. NIORT<\/td>\n<\/tr>\n<tr>\n<td height=\"20\"><span style=\"color: #33b730;\">6<\/span><\/td>\n<td><span style=\"color: #33b730;\">DUPONT<\/span><\/td>\n<td><span style=\"color: #33b730;\">Claude<\/span><\/td>\n<td><span style=\"color: #33b730;\">LE PERRIER VELO CLUB<\/span><\/td>\n<\/tr>\n<tr>\n<td height=\"20\">7<\/td>\n<td>GARNIER<\/td>\n<td>Dany<\/td>\n<td>AL OULMES\/BOUILLE\/COURDAULT<\/td>\n<\/tr>\n<tr>\n<td height=\"20\">8<\/td>\n<td>HEURTIER<\/td>\n<td>Michel<\/td>\n<td>S.V.FONTENAY<\/td>\n<\/tr>\n<tr>\n<td height=\"20\">9<\/td>\n<td>GAUTRONNEAU<\/td>\n<td>Jean Paul<\/td>\n<td>S.V.FONTENAY<\/td>\n<\/tr>\n<tr>\n<td height=\"20\">10<\/td>\n<td>HEURTIER<\/td>\n<td>Roger<\/td>\n<td>S.V.FONTENAY<\/td>\n<\/tr>\n<\/tbody>\n<\/table>\n<h2>Album photos de la course de Lu\u00e7on en cat\u00e9gorie GS UFOLEP du 23\/06\/2012<\/h2>\nngg_shortcode_1_placeholder\n","protected":false},"excerpt":{"rendered":"<p>Course de Lu\u00e7on en 1ere cat\u00e9gorie UFOLEP du 23\/06\/2012 R\u00e9sultats de la course de Lu\u00e7on\u00a0 en 1ere cat\u00e9gorie UFOLEP du 23\/06\/2012 CLASSEMENT NOM PRENOM CLUB 1 JACQUET Yohann V.C.LUCON 2 &#8230;<\/p>\n","protected":false},"author":3,"featured_media":0,"comment_status":"closed","ping_status":"closed","sticky":false,"template":"","format":"standard","meta":{"ngg_post_thumbnail":0,"footnotes":""},"categories":[5,6],"tags":[551,577,565,542,581,548,580],"class_list":["post-846","post","type-post","status-publish","format-standard","hentry","category-infos","category-les-actualites","tag-1ere-categorie-ufolep","tag-3e-cat-ufolep","tag-alain-robert","tag-categorie-gs","tag-claude","tag-freddy-proisy","tag-lucon"],"_links":{"self":[{"href":"http:\/\/www.leperrierveloclub.com\/index.php\/wp-json\/wp\/v2\/posts\/846","targetHints":{"allow":["GET"]}}],"collection":[{"href":"http:\/\/www.leperrierveloclub.com\/index.php\/wp-json\/wp\/v2\/posts"}],"about":[{"href":"http:\/\/www.leperrierveloclub.com\/index.php\/wp-json\/wp\/v2\/types\/post"}],"author":[{"embeddable":true,"href":"http:\/\/www.leperrierveloclub.com\/index.php\/wp-json\/wp\/v2\/users\/3"}],"replies":[{"embeddable":true,"href":"http:\/\/www.leperrierveloclub.com\/index.php\/wp-json\/wp\/v2\/comments?post=846"}],"version-history":[{"count":7,"href":"http:\/\/www.leperrierveloclub.com\/index.php\/wp-json\/wp\/v2\/posts\/846\/revisions"}],"predecessor-version":[{"id":1039,"href":"http:\/\/www.leperrierveloclub.com\/index.php\/wp-json\/wp\/v2\/posts\/846\/revisions\/1039"}],"wp:attachment":[{"href":"http:\/\/www.leperrierveloclub.com\/index.php\/wp-json\/wp\/v2\/media?parent=846"}],"wp:term":[{"taxonomy":"category","embeddable":true,"href":"http:\/\/www.leperrierveloclub.com\/index.php\/wp-json\/wp\/v2\/categories?post=846"},{"taxonomy":"post_tag","embeddable":true,"href":"http:\/\/www.leperrierveloclub.com\/index.php\/wp-json\/wp\/v2\/tags?post=846"}],"curies":[{"name":"wp","href":"https:\/\/api.w.org\/{rel}","templated":true}]}}