{"id":5276,"date":"2022-06-25T08:12:36","date_gmt":"2022-06-25T08:12:36","guid":{"rendered":"http:\/\/www.leperrierveloclub.com\/?p=5276"},"modified":"2022-06-25T08:12:55","modified_gmt":"2022-06-25T08:12:55","slug":"course-ufolep-au-perrier-du-12-05-2022","status":"publish","type":"post","link":"http:\/\/www.leperrierveloclub.com\/index.php\/les-actualites\/infos\/course-ufolep-au-perrier-du-12-05-2022-5276","title":{"rendered":"Course Ufolep au Perrier du 12\/05\/2022"},"content":{"rendered":"\n<p>Course Ufolep au Perrier du 12\/05\/2022<\/p>\n\n\n\n<p>R\u00e9sultats de la course Ufolep du Perrier en 3e cat\u00e9gorie<\/p>\n\n\n\n<table class=\"wp-block-table\"><tbody><tr><td>1<\/td><td>BERTIN<\/td><td>K\u00e9vin<\/td><td>Association Cycliste Melletoise<\/td><\/tr><tr><td>2<\/td><td>LOISEAU<\/td><td>Jean-Michel<\/td><td>CC Montois<\/td><\/tr><tr><td>3<\/td><td>LEROUX<\/td><td>J\u00e9r\u00f4me<\/td><td>SS Nieulaise<\/td><\/tr><tr><td><strong>4<\/strong><\/td><td><strong>DELAPRE<\/strong><\/td><td><strong>Fabien<\/strong><\/td><td><strong>Le Perrier V\u00e9lo Club<\/strong><\/td><\/tr><tr><td>5<\/td><td>CIBARD<\/td><td>S\u00e9bastien<\/td><td>Amicale La\u00efque Rives d&rsquo;Autise<\/td><\/tr><tr><td>6<\/td><td>PASQUIER<\/td><td>Christian<\/td><td>V\u00e9lo Club de Venansault<\/td><\/tr><tr><td>7<\/td><td>RONGERE<\/td><td>Arnaud<\/td><td>V\u00e9lo Club de Venansault<\/td><\/tr><tr><td>8<\/td><td>BAILLY<\/td><td>Cyrille<\/td><td>Association Cycliste Melletoise<\/td><\/tr><\/tbody><\/table>\n\n\n\n<p>Album photos de de la course Ufolep du Perrier en 3e Cat\u00e9gorie<\/p>\n\n\n\nngg_shortcode_0_placeholder\n\n\n\n<p>R\u00e9sultats de la course Ufolep du Perrier cat\u00e9gorie GS<\/p>\n\n\n\n<table class=\"wp-block-table\"><tbody><tr><td>1<\/td><td>ROBERT<\/td><td>Alain<\/td><td>V\u00e9lo Club St Gilles Croix de Vie<\/td><\/tr><tr><td>2<\/td><td>AUDOUX<\/td><td>Christophe<\/td><td>CRAC Touraine<\/td><\/tr><tr><td><strong>3<\/strong><\/td><td><strong>WANTZ<\/strong><\/td><td><strong>Christophe<\/strong><\/td><td><strong>Le Perrier V\u00e9lo Club<\/strong><\/td><\/tr><tr><td>4<\/td><td>CHARLAND<\/td><td>Jean-Charles<\/td><td>Comit\u00e9 D\u00e9partemental du Lot<\/td><\/tr><tr><td>5<\/td><td>AMIAUD<\/td><td>Patrick<\/td><td>Les Sables Vend\u00e9e Cyclisme<\/td><\/tr><tr><td>6<\/td><td>DELHOMME<\/td><td>Philippe<\/td><td>Association Sportive Melletoise<\/td><\/tr><tr><td>7<\/td><td>BESSEAU<\/td><td>Julien<\/td><td>SS Nieulaise<\/td><\/tr><tr><td>8<\/td><td>RIDEAU<\/td><td>Gustave<\/td><td>V\u00e9lo Club de Venansault<\/td><\/tr><\/tbody><\/table>\n\n\n\n<p>Album photos de la course Ufolep du Perrier cat\u00e9gorie GS<\/p>\n\n\n\nngg_shortcode_1_placeholder\n","protected":false},"excerpt":{"rendered":"<p>Course Ufolep au Perrier du 12\/05\/2022 R\u00e9sultats de la course Ufolep du Perrier en 3e cat\u00e9gorie 1 BERTIN K\u00e9vin Association Cycliste Melletoise 2 LOISEAU Jean-Michel CC Montois 3 LEROUX J\u00e9r\u00f4me &#8230;<\/p>\n","protected":false},"author":3,"featured_media":0,"comment_status":"closed","ping_status":"closed","sticky":false,"template":"","format":"standard","meta":{"ngg_post_thumbnail":0,"footnotes":""},"categories":[5],"tags":[822,665],"class_list":["post-5276","post","type-post","status-publish","format-standard","hentry","category-infos","tag-course-ufolep-du-perrier","tag-jean-charles-wantz"],"_links":{"self":[{"href":"http:\/\/www.leperrierveloclub.com\/index.php\/wp-json\/wp\/v2\/posts\/5276","targetHints":{"allow":["GET"]}}],"collection":[{"href":"http:\/\/www.leperrierveloclub.com\/index.php\/wp-json\/wp\/v2\/posts"}],"about":[{"href":"http:\/\/www.leperrierveloclub.com\/index.php\/wp-json\/wp\/v2\/types\/post"}],"author":[{"embeddable":true,"href":"http:\/\/www.leperrierveloclub.com\/index.php\/wp-json\/wp\/v2\/users\/3"}],"replies":[{"embeddable":true,"href":"http:\/\/www.leperrierveloclub.com\/index.php\/wp-json\/wp\/v2\/comments?post=5276"}],"version-history":[{"count":1,"href":"http:\/\/www.leperrierveloclub.com\/index.php\/wp-json\/wp\/v2\/posts\/5276\/revisions"}],"predecessor-version":[{"id":5277,"href":"http:\/\/www.leperrierveloclub.com\/index.php\/wp-json\/wp\/v2\/posts\/5276\/revisions\/5277"}],"wp:attachment":[{"href":"http:\/\/www.leperrierveloclub.com\/index.php\/wp-json\/wp\/v2\/media?parent=5276"}],"wp:term":[{"taxonomy":"category","embeddable":true,"href":"http:\/\/www.leperrierveloclub.com\/index.php\/wp-json\/wp\/v2\/categories?post=5276"},{"taxonomy":"post_tag","embeddable":true,"href":"http:\/\/www.leperrierveloclub.com\/index.php\/wp-json\/wp\/v2\/tags?post=5276"}],"curies":[{"name":"wp","href":"https:\/\/api.w.org\/{rel}","templated":true}]}}