{"id":5233,"date":"2022-03-02T16:02:23","date_gmt":"2022-03-02T16:02:23","guid":{"rendered":"http:\/\/www.leperrierveloclub.com\/?p=5233"},"modified":"2022-03-02T17:11:07","modified_gmt":"2022-03-02T17:11:07","slug":"course-ufolep-a-coex-du-27-02-2022","status":"publish","type":"post","link":"http:\/\/www.leperrierveloclub.com\/index.php\/les-actualites\/infos\/course-ufolep-a-coex-du-27-02-2022-5233","title":{"rendered":"Course Ufolep \u00e0 COEX du 27\/02\/2022"},"content":{"rendered":"\n<p>Course Ufolep \u00e0 Coex du 27\/02\/2022 en 3e cat\u00e9gorie<\/p>\n\n\n\n<p>R\u00e9sultats de la course Ufolep \u00e0 Coex en 3e cat\u00e9gorie<\/p>\n\n\n\n<table class=\"wp-block-table\"><tbody><tr><td>1<\/td><td>LACHAMBRE<\/td><td>Benjamin<\/td><td>CYCLO CLUB SERIGNE<\/td><\/tr><tr><td>2<\/td><td>LASSOURD<\/td><td>Tristan<\/td><td>VELO CLUB VENANSEAULT<\/td><\/tr><tr><td>3<\/td><td>LOISEAU<\/td><td>Jean Michel<\/td><td>COMITE CYCLISTE MONTOIS<\/td><\/tr><tr><td>4<\/td><td>JAUFFRIT<\/td><td>Laurent<\/td><td>VELO CLUB VENANSEAULT<\/td><\/tr><tr><td>5<\/td><td>GASNE<\/td><td>Teddy<\/td><td>CYCLO CLUB SERIGNE<\/td><\/tr><tr><td>6<\/td><td>MARIANO<\/td><td>Dominique<\/td><td>V&nbsp;.C. SAINT GILLES CROIX VIE<\/td><\/tr><tr><td>7<\/td><td>TRICHET<\/td><td>Bernard<\/td><td>VCCO LA ROCHELLE<\/td><\/tr><tr><td>8<\/td><td>CHEVILLON<\/td><td>Tony<\/td><td>VELO CLUB VENANSEAULT<\/td><\/tr><tr><td>9<\/td><td>BERNARD<\/td><td>Philippe<\/td><td>VELO SPORT MONTAIGU<\/td><\/tr><tr><td>10<\/td><td>DABLEMONT<\/td><td>Nicolas<\/td><td>A.C. MELLETOISE<\/td><\/tr><tr><td>11<\/td><td>LIBAUD<\/td><td>Pascal<\/td><td>MONTAIGU<\/td><\/tr><tr><td>12<\/td><td>DUPLAT<\/td><td>Franck<\/td><td>V.C CHANTENAISIEN<\/td><\/tr><tr><td><strong>13<\/strong><\/td><td><strong>DELAPRE<\/strong><\/td><td><strong>Fabien<\/strong><\/td><td><strong>LE PERRIER VELO CLUB<\/strong><\/td><\/tr><tr><td>14<\/td><td>TESSIER<\/td><td>?????????<\/td><td>PEDALE FERTOISE<\/td><\/tr><tr><td>15<\/td><td>ROBRETEAU<\/td><td>Romain<\/td><td>V.S. DOMPIERROIS<\/td><\/tr><\/tbody><\/table>\n\n\n\n<p><\/p>\n\n\n\n<p>Course Ufolep \u00e0 Coex en cat\u00e9gorie GS<\/p>\n\n\n\n<p>R\u00e9sultats de la course Ufolep \u00e0 Coex en cat\u00e9gorie GS<\/p>\n\n\n\n<table class=\"wp-block-table\"><tbody><tr><td>1<\/td><td>VRIGNAUD<\/td><td>Claude<\/td><td>COMITE CYCLISTE MONTOIS<\/td><\/tr><tr><td>2<\/td><td>ROBERT<\/td><td>Alain<\/td><td>V&nbsp;.C. SAINT GILLES CROIX VIE<\/td><\/tr><tr><td>3<\/td><td>TISSEAU<\/td><td>Buno<\/td><td>V&nbsp;.C. SAINT GILLES CROIX VIE<\/td><\/tr><tr><td>4<\/td><td>CIBARD<\/td><td>S\u00e9bastien<\/td><td>A.M.L.BOUILLE COURDAULT<\/td><\/tr><tr><td>5<\/td><td>BLANCHARD<\/td><td>Jean Noel<\/td><td>V.S. DOMPIERROIS<\/td><\/tr><tr><td>6<\/td><td>LEBRETON<\/td><td>Guy<\/td><td>COMITE CYCLISTE MONTOIS<\/td><\/tr><tr><td>7<\/td><td>FABRE<\/td><td>olivier<\/td><td>AVENIR CYCLISTE VAL D\u2019OISE<\/td><\/tr><tr><td><strong>8<\/strong><\/td><td><strong>WANTZ<\/strong><\/td><td><strong>Jean Charles<\/strong><\/td><td><strong>LE PERRIER VELO CLUB<\/strong><\/td><\/tr><tr><td>9<\/td><td>AMIAUD<\/td><td>Philippe<\/td><td>LES SABLES VENDEE CYCLISTE<\/td><\/tr><tr><td>10<\/td><td>DELHOMME<\/td><td>Thierry<\/td><td>A.C. MELLETOISE<\/td><\/tr><tr><td>11<\/td><td>PLUME<\/td><td>James<\/td><td>UFOLEP 37<\/td><\/tr><tr><td>12<\/td><td>MICHAUD<\/td><td>Eric<\/td><td>VELO CLUB VENANSEAULT<\/td><\/tr><tr><td><strong>13<\/strong><\/td><td><strong>CHARPIN<\/strong><\/td><td><strong>Serge<\/strong><\/td><td><strong>LE PERRIER VELO CLUB<\/strong><\/td><\/tr><tr><td><strong>14<\/strong><\/td><td><strong>DE BALTHAZAR<\/strong><\/td><td><strong>Philippe<\/strong><\/td><td><strong>LE PERRIER VELO CLUB<\/strong><\/td><\/tr><tr><td>15<\/td><td>GEAY<\/td><td>Patickck<\/td><td>CYCLO SPORT CHINON<\/td><\/tr><\/tbody><\/table>\n\n\n\n<p>Album Photos de la Course de Coex cat\u00e9gorie GS<\/p>\n\n\n\n<p>ngg_shortcode_0_placeholder<br><\/p>\n","protected":false},"excerpt":{"rendered":"<p>Course Ufolep \u00e0 Coex du 27\/02\/2022 en 3e cat\u00e9gorie R\u00e9sultats de la course Ufolep \u00e0 Coex en 3e cat\u00e9gorie 1 LACHAMBRE Benjamin CYCLO CLUB SERIGNE 2 LASSOURD Tristan VELO CLUB &#8230;<\/p>\n","protected":false},"author":3,"featured_media":0,"comment_status":"closed","ping_status":"closed","sticky":false,"template":"","format":"standard","meta":{"ngg_post_thumbnail":0,"footnotes":""},"categories":[5,6],"tags":[278],"class_list":["post-5233","post","type-post","status-publish","format-standard","hentry","category-infos","category-les-actualites","tag-course-ufolep-coex"],"_links":{"self":[{"href":"http:\/\/www.leperrierveloclub.com\/index.php\/wp-json\/wp\/v2\/posts\/5233","targetHints":{"allow":["GET"]}}],"collection":[{"href":"http:\/\/www.leperrierveloclub.com\/index.php\/wp-json\/wp\/v2\/posts"}],"about":[{"href":"http:\/\/www.leperrierveloclub.com\/index.php\/wp-json\/wp\/v2\/types\/post"}],"author":[{"embeddable":true,"href":"http:\/\/www.leperrierveloclub.com\/index.php\/wp-json\/wp\/v2\/users\/3"}],"replies":[{"embeddable":true,"href":"http:\/\/www.leperrierveloclub.com\/index.php\/wp-json\/wp\/v2\/comments?post=5233"}],"version-history":[{"count":4,"href":"http:\/\/www.leperrierveloclub.com\/index.php\/wp-json\/wp\/v2\/posts\/5233\/revisions"}],"predecessor-version":[{"id":5240,"href":"http:\/\/www.leperrierveloclub.com\/index.php\/wp-json\/wp\/v2\/posts\/5233\/revisions\/5240"}],"wp:attachment":[{"href":"http:\/\/www.leperrierveloclub.com\/index.php\/wp-json\/wp\/v2\/media?parent=5233"}],"wp:term":[{"taxonomy":"category","embeddable":true,"href":"http:\/\/www.leperrierveloclub.com\/index.php\/wp-json\/wp\/v2\/categories?post=5233"},{"taxonomy":"post_tag","embeddable":true,"href":"http:\/\/www.leperrierveloclub.com\/index.php\/wp-json\/wp\/v2\/tags?post=5233"}],"curies":[{"name":"wp","href":"https:\/\/api.w.org\/{rel}","templated":true}]}}