{"id":4596,"date":"2018-10-10T08:16:11","date_gmt":"2018-10-10T08:16:11","guid":{"rendered":"http:\/\/www.leperrierveloclub.com\/?p=4596"},"modified":"2018-10-10T08:16:11","modified_gmt":"2018-10-10T08:16:11","slug":"classement-final-trophee-de-louest-2018","status":"publish","type":"post","link":"http:\/\/www.leperrierveloclub.com\/index.php\/les-actualites\/infos\/classement-final-trophee-de-louest-2018-4596","title":{"rendered":"Classement final Troph\u00e9e de l&rsquo;Ouest 2018"},"content":{"rendered":"<h1>Classement final Troph\u00e9e de l&rsquo;Ouest 2018 cat\u00e9gorie D<\/h1>\n<table border=\"0\" cellspacing=\"0\">\n<colgroup width=\"42\"><\/colgroup>\n<colgroup width=\"116\"><\/colgroup>\n<colgroup width=\"102\"><\/colgroup>\n<colgroup width=\"114\"><\/colgroup>\n<tbody>\n<tr>\n<td align=\"center\" height=\"17\">1<\/td>\n<td align=\"left\">LAMONTAGNE<\/td>\n<td align=\"left\">Pierre Marc<\/td>\n<td align=\"left\"><\/td>\n<\/tr>\n<tr>\n<td align=\"center\" height=\"17\">2<\/td>\n<td align=\"left\">MENGUY<\/td>\n<td align=\"left\">G\u00e9rard<\/td>\n<td align=\"left\"><\/td>\n<\/tr>\n<tr>\n<td align=\"center\" height=\"17\">3<\/td>\n<td align=\"left\">LEBOUGRE<\/td>\n<td align=\"left\">Jean Michel<\/td>\n<td align=\"left\"><\/td>\n<\/tr>\n<tr>\n<td align=\"center\" height=\"17\">4<\/td>\n<td align=\"left\">GOUESBIER<\/td>\n<td align=\"left\">Henri<\/td>\n<td align=\"left\"><\/td>\n<\/tr>\n<tr>\n<td align=\"center\" height=\"17\">5<\/td>\n<td align=\"left\">BRETONNEAU<\/td>\n<td align=\"left\">Patrick<\/td>\n<td align=\"left\"><\/td>\n<\/tr>\n<tr>\n<td align=\"center\" height=\"17\">6<\/td>\n<td align=\"left\">LAVEYNE<\/td>\n<td align=\"left\">Christian<\/td>\n<td align=\"left\"><\/td>\n<\/tr>\n<tr>\n<td align=\"center\" height=\"17\"><span style=\"color: #00ff00;\"><strong>7<\/strong><\/span><\/td>\n<td align=\"left\"><strong><span style=\"color: #00ff00;\">WANTZ<\/span><\/strong><\/td>\n<td align=\"left\"><strong><span style=\"color: #00ff00;\">Jean Charles<\/span><\/strong><\/td>\n<td align=\"left\"><\/td>\n<\/tr>\n<tr>\n<td align=\"center\" height=\"17\">8<\/td>\n<td align=\"left\">VALLADE<\/td>\n<td align=\"left\">Eric<\/td>\n<td align=\"left\"><\/td>\n<\/tr>\n<tr>\n<td align=\"center\" height=\"17\">9<\/td>\n<td align=\"left\">CHEVROT<\/td>\n<td align=\"left\">Bernard<\/td>\n<td align=\"left\"><\/td>\n<\/tr>\n<tr>\n<td align=\"center\" height=\"17\">10<\/td>\n<td align=\"left\">BERCEGEAIS<\/td>\n<td align=\"left\">Didier<\/td>\n<td align=\"left\"><\/td>\n<\/tr>\n<tr>\n<td colspan=\"4\" align=\"center\" valign=\"middle\" height=\"17\"><span style=\"color: #ff0000;\"><strong>106 Class\u00e9s<\/strong><\/span><\/td>\n<\/tr>\n<\/tbody>\n<\/table>\n","protected":false},"excerpt":{"rendered":"<p>Classement final Troph\u00e9e de l&rsquo;Ouest 2018 cat\u00e9gorie D 1 LAMONTAGNE Pierre Marc 2 MENGUY G\u00e9rard 3 LEBOUGRE Jean Michel 4 GOUESBIER Henri 5 BRETONNEAU Patrick 6 LAVEYNE Christian 7 WANTZ &#8230;<\/p>\n","protected":false},"author":3,"featured_media":0,"comment_status":"closed","ping_status":"closed","sticky":false,"template":"","format":"standard","meta":{"ngg_post_thumbnail":0,"footnotes":""},"categories":[5,6],"tags":[597,698],"class_list":["post-4596","post","type-post","status-publish","format-standard","hentry","category-infos","category-les-actualites","tag-trophee-de-louest","tag-wantz-jean-charles"],"_links":{"self":[{"href":"http:\/\/www.leperrierveloclub.com\/index.php\/wp-json\/wp\/v2\/posts\/4596","targetHints":{"allow":["GET"]}}],"collection":[{"href":"http:\/\/www.leperrierveloclub.com\/index.php\/wp-json\/wp\/v2\/posts"}],"about":[{"href":"http:\/\/www.leperrierveloclub.com\/index.php\/wp-json\/wp\/v2\/types\/post"}],"author":[{"embeddable":true,"href":"http:\/\/www.leperrierveloclub.com\/index.php\/wp-json\/wp\/v2\/users\/3"}],"replies":[{"embeddable":true,"href":"http:\/\/www.leperrierveloclub.com\/index.php\/wp-json\/wp\/v2\/comments?post=4596"}],"version-history":[{"count":1,"href":"http:\/\/www.leperrierveloclub.com\/index.php\/wp-json\/wp\/v2\/posts\/4596\/revisions"}],"predecessor-version":[{"id":4597,"href":"http:\/\/www.leperrierveloclub.com\/index.php\/wp-json\/wp\/v2\/posts\/4596\/revisions\/4597"}],"wp:attachment":[{"href":"http:\/\/www.leperrierveloclub.com\/index.php\/wp-json\/wp\/v2\/media?parent=4596"}],"wp:term":[{"taxonomy":"category","embeddable":true,"href":"http:\/\/www.leperrierveloclub.com\/index.php\/wp-json\/wp\/v2\/categories?post=4596"},{"taxonomy":"post_tag","embeddable":true,"href":"http:\/\/www.leperrierveloclub.com\/index.php\/wp-json\/wp\/v2\/tags?post=4596"}],"curies":[{"name":"wp","href":"https:\/\/api.w.org\/{rel}","templated":true}]}}