{"id":447,"date":"2012-02-27T23:11:57","date_gmt":"2012-02-27T23:11:57","guid":{"rendered":"http:\/\/www.leperrierveloclub.com\/?p=447"},"modified":"2012-02-29T18:11:39","modified_gmt":"2012-02-29T18:11:39","slug":"resultat-course-de-coex-en-3e-categorie-ufolep-le-26022012","status":"publish","type":"post","link":"http:\/\/www.leperrierveloclub.com\/index.php\/les-actualites\/infos\/resultat-course-de-coex-en-3e-categorie-ufolep-le-26022012-447","title":{"rendered":"R\u00e9sultat Course de COEX en 3e Cat\u00e9gorie UFOLEP le 26\/02\/2012"},"content":{"rendered":"<h2>R\u00e9sultat Course de COEX en 3e Cat\u00e9gorie UFOLEP le 26\/02\/2012<\/h2>\n<p>1ere course de la saison et une victoire pour LE PERRIER VELO CLUB :<\/p>\n<ul>\n<li>Jean-Luc FAIVRE \u00e9chapp\u00e9 d\u00e8s le 1er tour termine seul avec 2 minutes d&rsquo;avance.<\/li>\n<li>Franck AUDOUX gagne le sprint du peloton pour la 3e Place.<\/li>\n<li>1er Jean-Luc FAIVRE LE PERRIER VELO CLUB<\/li>\n<li>3e Franck AUDOUX LE PERRIER VELO CLUB<\/li>\n<li>Alain ROBERT, Eric DANIEAU, Eric TURBE terminent dans le peloton.<\/li>\n<\/ul>\n<table id=\"resultat-course-ufolep\" summary=\"Classement course 3e cat\u00e9gorie\" border=\"0\" cellspacing=\"0\" cellpadding=\"0\">\n<caption>Classement course 3e cat\u00e9gorie<\/caption>\n<thead>\n<tr>\n<th>\u00a0Classement<\/th>\n<th>\u00a0NOM<\/th>\n<th>\u00a0Pr\u00e9nom<\/th>\n<th>\u00a0Club<\/th>\n<\/tr>\n<\/thead>\n<tbody>\n<tr>\n<td>1<\/td>\n<td>FAIVRE<\/td>\n<td>Jean-Luc<\/td>\n<td>Perrier V\u00e9lo Club<\/td>\n<\/tr>\n<tr>\n<td>2<\/td>\n<td>DUVAL<\/td>\n<td>Thibaud<\/td>\n<td>SS Nieulaise<\/td>\n<\/tr>\n<tr>\n<td>3<\/td>\n<td>AUDOUX<\/td>\n<td>Franck<\/td>\n<td>Perrier V\u00e9lo Club<\/td>\n<\/tr>\n<tr>\n<td>4<\/td>\n<td>TEILLET<\/td>\n<td>Yves<\/td>\n<td>AC Corpe<\/td>\n<\/tr>\n<tr>\n<td>5<\/td>\n<td>ANCEAUX<\/td>\n<td>Philippe<\/td>\n<td>E.C.C.O<\/td>\n<\/tr>\n<tr>\n<td>6<\/td>\n<td>REIGNIEZ<\/td>\n<td>Patrick<\/td>\n<td>CR Pauzauges<\/td>\n<\/tr>\n<tr>\n<td>7<\/td>\n<td>GENDRE<\/td>\n<td>S\u00e9bastien<\/td>\n<td>VC Venansault<\/td>\n<\/tr>\n<tr>\n<td>8<\/td>\n<td>BABINOT<\/td>\n<td>Pierre Alexis<\/td>\n<td>VC Venansault<\/td>\n<\/tr>\n<tr>\n<td>9<\/td>\n<td>PIETTRE<\/td>\n<td>Fabrice<\/td>\n<td>VCCO La Rochelle 17<\/td>\n<\/tr>\n<tr>\n<td>10<\/td>\n<td>SERGUE<\/td>\n<td>G\u00e9rard<\/td>\n<td>E.C.C.O<\/td>\n<\/tr>\n<\/tbody>\n<\/table>\n<h3>Les photos de la course COEX<\/h3>\nngg_shortcode_0_placeholder\n","protected":false},"excerpt":{"rendered":"<p>R\u00e9sultat Course de COEX en 3e Cat\u00e9gorie UFOLEP le 26\/02\/2012 1ere course de la saison et une victoire pour LE PERRIER VELO CLUB : Jean-Luc FAIVRE \u00e9chapp\u00e9 d\u00e8s le 1er &#8230;<\/p>\n","protected":false},"author":2,"featured_media":0,"comment_status":"closed","ping_status":"closed","sticky":false,"template":"","format":"standard","meta":{"ngg_post_thumbnail":0,"footnotes":""},"categories":[5],"tags":[],"class_list":["post-447","post","type-post","status-publish","format-standard","hentry","category-infos"],"_links":{"self":[{"href":"http:\/\/www.leperrierveloclub.com\/index.php\/wp-json\/wp\/v2\/posts\/447","targetHints":{"allow":["GET"]}}],"collection":[{"href":"http:\/\/www.leperrierveloclub.com\/index.php\/wp-json\/wp\/v2\/posts"}],"about":[{"href":"http:\/\/www.leperrierveloclub.com\/index.php\/wp-json\/wp\/v2\/types\/post"}],"author":[{"embeddable":true,"href":"http:\/\/www.leperrierveloclub.com\/index.php\/wp-json\/wp\/v2\/users\/2"}],"replies":[{"embeddable":true,"href":"http:\/\/www.leperrierveloclub.com\/index.php\/wp-json\/wp\/v2\/comments?post=447"}],"version-history":[{"count":2,"href":"http:\/\/www.leperrierveloclub.com\/index.php\/wp-json\/wp\/v2\/posts\/447\/revisions"}],"predecessor-version":[{"id":449,"href":"http:\/\/www.leperrierveloclub.com\/index.php\/wp-json\/wp\/v2\/posts\/447\/revisions\/449"}],"wp:attachment":[{"href":"http:\/\/www.leperrierveloclub.com\/index.php\/wp-json\/wp\/v2\/media?parent=447"}],"wp:term":[{"taxonomy":"category","embeddable":true,"href":"http:\/\/www.leperrierveloclub.com\/index.php\/wp-json\/wp\/v2\/categories?post=447"},{"taxonomy":"post_tag","embeddable":true,"href":"http:\/\/www.leperrierveloclub.com\/index.php\/wp-json\/wp\/v2\/tags?post=447"}],"curies":[{"name":"wp","href":"https:\/\/api.w.org\/{rel}","templated":true}]}}