{"id":4141,"date":"2017-08-31T16:58:54","date_gmt":"2017-08-31T16:58:54","guid":{"rendered":"http:\/\/www.leperrierveloclub.com\/?p=4141"},"modified":"2017-08-31T16:58:54","modified_gmt":"2017-08-31T16:58:54","slug":"course-ufolep-a-st-gilles-croix-de-vie-du-13082017","status":"publish","type":"post","link":"http:\/\/www.leperrierveloclub.com\/index.php\/les-actualites\/infos\/course-ufolep-a-st-gilles-croix-de-vie-du-13082017-4141","title":{"rendered":"Course Ufolep \u00e0 St Gilles Croix de Vie du 13\/08\/2017"},"content":{"rendered":"<h1>Course Ufolep \u00e0 St Gilles Croix de Vie du 13\/08\/2017<\/h1>\n<h2>R\u00e9sultats de Course Ufolep \u00e0 St Gilles Croix de Vie en 3e Cat.<\/h2>\n<table border=\"0\" cellspacing=\"0\">\n<colgroup width=\"30\"><\/colgroup>\n<colgroup width=\"113\"><\/colgroup>\n<colgroup width=\"115\"><\/colgroup>\n<colgroup width=\"267\"><\/colgroup>\n<tbody>\n<tr>\n<td align=\"right\" height=\"18\">1<\/td>\n<td align=\"left\">MATHE<\/td>\n<td align=\"left\">BRUNO<\/td>\n<td align=\"left\">COURBEVOIE 92<\/td>\n<\/tr>\n<tr>\n<td align=\"right\" height=\"17\">2<\/td>\n<td align=\"left\">DOUCET<\/td>\n<td align=\"left\">MICHEL<\/td>\n<td align=\"left\">USM GAGNY 93<\/td>\n<\/tr>\n<tr>\n<td align=\"right\" height=\"18\"><strong><span style=\"color: #00ff00;\">3<\/span><\/strong><\/td>\n<td align=\"left\"><strong><span style=\"color: #00ff00;\">AUDOUX<\/span><\/strong><\/td>\n<td align=\"left\"><strong><span style=\"color: #00ff00;\">FRANCK<\/span><\/strong><\/td>\n<td align=\"left\"><strong><span style=\"color: #00ff00;\">LE PERRIER VELO CLUB<\/span><\/strong><\/td>\n<\/tr>\n<tr>\n<td align=\"right\" height=\"18\">4<\/td>\n<td align=\"left\">PINEAU<\/td>\n<td align=\"left\">JEAN PAUL<\/td>\n<td align=\"left\">ST GILLES<\/td>\n<\/tr>\n<tr>\n<td align=\"right\" height=\"18\">5<\/td>\n<td align=\"left\">REGNAULT<\/td>\n<td align=\"left\">FREDDY<\/td>\n<td align=\"left\">V C VENANSAULT<\/td>\n<\/tr>\n<tr>\n<td align=\"right\" height=\"18\"><strong><span style=\"color: #00ff00;\">6<\/span><\/strong><\/td>\n<td align=\"left\"><strong><span style=\"color: #00ff00;\">WANTZ<\/span><\/strong><\/td>\n<td align=\"left\"><strong><span style=\"color: #00ff00;\">JEAN CHARLES<\/span><\/strong><\/td>\n<td align=\"left\"><strong><span style=\"color: #00ff00;\">LE PERRIER VELO CLUB<\/span><\/strong><\/td>\n<\/tr>\n<tr>\n<td align=\"right\" height=\"18\">7<\/td>\n<td align=\"left\">DAVID<\/td>\n<td align=\"left\">ARMEL<\/td>\n<td align=\"left\">SS NIEUL<\/td>\n<\/tr>\n<tr>\n<td align=\"right\" height=\"18\">8<\/td>\n<td align=\"left\">BOUE<\/td>\n<td align=\"left\">MICHEL<\/td>\n<td align=\"left\">CC MONTOIS<\/td>\n<\/tr>\n<tr>\n<td align=\"right\" height=\"18\">9<\/td>\n<td align=\"left\">LANDRIN<\/td>\n<td align=\"left\">JEAN<\/td>\n<td align=\"left\">E C C O<\/td>\n<\/tr>\n<tr>\n<td align=\"right\" height=\"18\">10<\/td>\n<td align=\"left\">LAPERRIERE<\/td>\n<td align=\"left\">DIDIER<\/td>\n<td align=\"left\">VC LOUDUN 86<\/td>\n<\/tr>\n<\/tbody>\n<\/table>\n<h2>Album Photos de Course Ufolep \u00e0 St Gilles Croix de Vie en 3e Cat.<\/h2>\nngg_shortcode_0_placeholder\n<h2>R\u00e9sultats de Course Ufolep \u00e0 St Gilles Croix de Vie, Cat\u00e9gorie GS<\/h2>\n<table border=\"0\" cellspacing=\"0\">\n<colgroup width=\"30\"><\/colgroup>\n<colgroup width=\"125\"><\/colgroup>\n<colgroup width=\"115\"><\/colgroup>\n<colgroup width=\"267\"><\/colgroup>\n<tbody>\n<tr>\n<td align=\"right\" height=\"17\">1<\/td>\n<td align=\"left\">MILLET<\/td>\n<td align=\"left\">FREDERIC<\/td>\n<td align=\"left\">AS CAEP 06<\/td>\n<\/tr>\n<tr>\n<td align=\"right\" height=\"17\">2<\/td>\n<td align=\"left\">PERRONET<\/td>\n<td align=\"left\">BRUNO<\/td>\n<td align=\"left\">AS THOUROTTE 60<\/td>\n<\/tr>\n<tr>\n<td align=\"right\" height=\"17\"><strong><span style=\"color: #00ff00;\">3<\/span><\/strong><\/td>\n<td align=\"left\"><strong><span style=\"color: #00ff00;\">DUPONT<\/span><\/strong><\/td>\n<td align=\"left\"><strong><span style=\"color: #00ff00;\">CLAUDE<\/span><\/strong><\/td>\n<td align=\"left\"><strong><span style=\"color: #00ff00;\">LE PERRIER VELO CLUB<\/span><\/strong><\/td>\n<\/tr>\n<tr>\n<td align=\"right\" height=\"17\">4<\/td>\n<td align=\"left\">CHRISTOPHE<\/td>\n<td align=\"left\">JEAN PIERRE<\/td>\n<td align=\"left\">WISSOUS 91<\/td>\n<\/tr>\n<tr>\n<td align=\"right\" height=\"17\">5<\/td>\n<td align=\"left\">BESSEAU<\/td>\n<td align=\"left\">JULIEN<\/td>\n<td align=\"left\">SS NIEUL<\/td>\n<\/tr>\n<tr>\n<td align=\"right\" height=\"17\">6<\/td>\n<td align=\"left\">GUINEBRETIERE<\/td>\n<td align=\"left\">FRANCK<\/td>\n<td align=\"left\">DOMPIERRE\/YON<\/td>\n<\/tr>\n<tr>\n<td align=\"right\" height=\"17\">7<\/td>\n<td align=\"left\">SERGUES<\/td>\n<td align=\"left\">GERARD<\/td>\n<td align=\"left\">ECCO<\/td>\n<\/tr>\n<tr>\n<td align=\"right\" height=\"17\">8<\/td>\n<td align=\"left\">PASZKO<\/td>\n<td align=\"left\">JEAN MARC<\/td>\n<td align=\"left\">COULONGES SUR L&rsquo;AUTIZE<\/td>\n<\/tr>\n<tr>\n<td align=\"right\" height=\"17\">9<\/td>\n<td align=\"left\">FRADET<\/td>\n<td align=\"left\">LEOPOLD<\/td>\n<td align=\"left\">VENANSAULT<\/td>\n<\/tr>\n<tr>\n<td align=\"right\" height=\"17\">10<\/td>\n<td align=\"left\">GAUTRONNEAU<\/td>\n<td align=\"left\">JEAN PAUL<\/td>\n<td align=\"left\">SV FONTENAY<\/td>\n<\/tr>\n<\/tbody>\n<\/table>\n<h2>Album Photos de Course Ufolep \u00e0 St Gilles Croix de Vie, Cat\u00e9gorie GS<\/h2>\nngg_shortcode_1_placeholder\n","protected":false},"excerpt":{"rendered":"<p>Course Ufolep \u00e0 St Gilles Croix de Vie du 13\/08\/2017 R\u00e9sultats de Course Ufolep \u00e0 St Gilles Croix de Vie en 3e Cat. 1 MATHE BRUNO COURBEVOIE 92 2 DOUCET &#8230;<\/p>\n","protected":false},"author":3,"featured_media":0,"comment_status":"closed","ping_status":"closed","sticky":false,"template":"","format":"standard","meta":{"ngg_post_thumbnail":0,"footnotes":""},"categories":[5,6],"tags":[543,542,545,544,665,623],"class_list":["post-4141","post","type-post","status-publish","format-standard","hentry","category-infos","category-les-actualites","tag-3e-categorie","tag-categorie-gs","tag-claude-dupont","tag-franck-audoux","tag-jean-charles-wantz","tag-st-gilles-croix-de-vie"],"_links":{"self":[{"href":"http:\/\/www.leperrierveloclub.com\/index.php\/wp-json\/wp\/v2\/posts\/4141","targetHints":{"allow":["GET"]}}],"collection":[{"href":"http:\/\/www.leperrierveloclub.com\/index.php\/wp-json\/wp\/v2\/posts"}],"about":[{"href":"http:\/\/www.leperrierveloclub.com\/index.php\/wp-json\/wp\/v2\/types\/post"}],"author":[{"embeddable":true,"href":"http:\/\/www.leperrierveloclub.com\/index.php\/wp-json\/wp\/v2\/users\/3"}],"replies":[{"embeddable":true,"href":"http:\/\/www.leperrierveloclub.com\/index.php\/wp-json\/wp\/v2\/comments?post=4141"}],"version-history":[{"count":1,"href":"http:\/\/www.leperrierveloclub.com\/index.php\/wp-json\/wp\/v2\/posts\/4141\/revisions"}],"predecessor-version":[{"id":4142,"href":"http:\/\/www.leperrierveloclub.com\/index.php\/wp-json\/wp\/v2\/posts\/4141\/revisions\/4142"}],"wp:attachment":[{"href":"http:\/\/www.leperrierveloclub.com\/index.php\/wp-json\/wp\/v2\/media?parent=4141"}],"wp:term":[{"taxonomy":"category","embeddable":true,"href":"http:\/\/www.leperrierveloclub.com\/index.php\/wp-json\/wp\/v2\/categories?post=4141"},{"taxonomy":"post_tag","embeddable":true,"href":"http:\/\/www.leperrierveloclub.com\/index.php\/wp-json\/wp\/v2\/tags?post=4141"}],"curies":[{"name":"wp","href":"https:\/\/api.w.org\/{rel}","templated":true}]}}