{"id":3884,"date":"2017-05-31T16:33:59","date_gmt":"2017-05-31T16:33:59","guid":{"rendered":"http:\/\/www.leperrierveloclub.com\/?p=3884"},"modified":"2017-05-31T16:33:59","modified_gmt":"2017-05-31T16:33:59","slug":"course-ufolep-de-serigne-du-14052017","status":"publish","type":"post","link":"http:\/\/www.leperrierveloclub.com\/index.php\/les-actualites\/infos\/course-ufolep-de-serigne-du-14052017-3884","title":{"rendered":"Course Ufolep de S\u00e9rign\u00e9 du 14\/05\/2017"},"content":{"rendered":"<h1>Course Ufolep de S\u00e9rign\u00e9 du 14\/05\/2017<\/h1>\n<h2>R\u00e9sultats de la Course Ufolep de S\u00e9rign\u00e9 Cat\u00e9gorie GS<\/h2>\n<table border=\"0\" cellspacing=\"0\">\n<colgroup width=\"44\"><\/colgroup>\n<colgroup width=\"115\"><\/colgroup>\n<colgroup width=\"96\"><\/colgroup>\n<colgroup width=\"264\"><\/colgroup>\n<tbody>\n<tr>\n<td align=\"right\" height=\"17\">1<\/td>\n<td align=\"left\">BOIN<\/td>\n<td align=\"left\">Robert<\/td>\n<td align=\"left\">VC ST GILLES CROIX DE VIE<\/td>\n<\/tr>\n<tr>\n<td align=\"right\" height=\"17\">2<\/td>\n<td align=\"left\">PASKO<\/td>\n<td align=\"left\">Jean Marc<\/td>\n<td align=\"left\">CULONGES SUR L&rsquo;AUTIZE<\/td>\n<\/tr>\n<tr>\n<td align=\"right\" height=\"17\"><strong><span style=\"color: #00ff00;\">3<\/span><\/strong><\/td>\n<td align=\"left\"><strong><span style=\"color: #00ff00;\">JOUSSEAUME<\/span><\/strong><\/td>\n<td align=\"left\"><strong><span style=\"color: #00ff00;\">Patrick<\/span><\/strong><\/td>\n<td align=\"left\"><strong><span style=\"color: #00ff00;\">LE PERRIER VELO CLUB<\/span><\/strong><\/td>\n<\/tr>\n<tr>\n<td align=\"right\" height=\"17\">4<\/td>\n<td align=\"left\">HAMON<\/td>\n<td align=\"left\">Maurice<\/td>\n<td align=\"left\">SS NIEUL<\/td>\n<\/tr>\n<tr>\n<td align=\"right\" height=\"17\">5<\/td>\n<td align=\"left\">PROLEST<\/td>\n<td align=\"left\">Laurent<\/td>\n<td align=\"left\">NANTEUIL<\/td>\n<\/tr>\n<\/tbody>\n<\/table>\n<h2>Album photos de la Course Ufolep de S\u00e9rign\u00e9 Cat\u00e9gorie GS<\/h2>\nngg_shortcode_0_placeholder\n","protected":false},"excerpt":{"rendered":"<p>Course Ufolep de S\u00e9rign\u00e9 du 14\/05\/2017 R\u00e9sultats de la Course Ufolep de S\u00e9rign\u00e9 Cat\u00e9gorie GS 1 BOIN Robert VC ST GILLES CROIX DE VIE 2 PASKO Jean Marc CULONGES SUR &#8230;<\/p>\n","protected":false},"author":3,"featured_media":0,"comment_status":"closed","ping_status":"closed","sticky":false,"template":"","format":"standard","meta":{"ngg_post_thumbnail":0,"footnotes":""},"categories":[5,6],"tags":[542,667,571],"class_list":["post-3884","post","type-post","status-publish","format-standard","hentry","category-infos","category-les-actualites","tag-categorie-gs","tag-patrick-jousseaume","tag-serigne"],"_links":{"self":[{"href":"http:\/\/www.leperrierveloclub.com\/index.php\/wp-json\/wp\/v2\/posts\/3884","targetHints":{"allow":["GET"]}}],"collection":[{"href":"http:\/\/www.leperrierveloclub.com\/index.php\/wp-json\/wp\/v2\/posts"}],"about":[{"href":"http:\/\/www.leperrierveloclub.com\/index.php\/wp-json\/wp\/v2\/types\/post"}],"author":[{"embeddable":true,"href":"http:\/\/www.leperrierveloclub.com\/index.php\/wp-json\/wp\/v2\/users\/3"}],"replies":[{"embeddable":true,"href":"http:\/\/www.leperrierveloclub.com\/index.php\/wp-json\/wp\/v2\/comments?post=3884"}],"version-history":[{"count":3,"href":"http:\/\/www.leperrierveloclub.com\/index.php\/wp-json\/wp\/v2\/posts\/3884\/revisions"}],"predecessor-version":[{"id":3889,"href":"http:\/\/www.leperrierveloclub.com\/index.php\/wp-json\/wp\/v2\/posts\/3884\/revisions\/3889"}],"wp:attachment":[{"href":"http:\/\/www.leperrierveloclub.com\/index.php\/wp-json\/wp\/v2\/media?parent=3884"}],"wp:term":[{"taxonomy":"category","embeddable":true,"href":"http:\/\/www.leperrierveloclub.com\/index.php\/wp-json\/wp\/v2\/categories?post=3884"},{"taxonomy":"post_tag","embeddable":true,"href":"http:\/\/www.leperrierveloclub.com\/index.php\/wp-json\/wp\/v2\/tags?post=3884"}],"curies":[{"name":"wp","href":"https:\/\/api.w.org\/{rel}","templated":true}]}}