{"id":2876,"date":"2015-08-24T15:40:46","date_gmt":"2015-08-24T15:40:46","guid":{"rendered":"http:\/\/www.leperrierveloclub.com\/?p=2876"},"modified":"2015-08-24T15:40:46","modified_gmt":"2015-08-24T15:40:46","slug":"course-de-la-chapelle-themer-categorie-gs-ufolep-du-15082015","status":"publish","type":"post","link":"http:\/\/www.leperrierveloclub.com\/index.php\/les-actualites\/infos\/course-de-la-chapelle-themer-categorie-gs-ufolep-du-15082015-2876","title":{"rendered":"Course de La chapelle Th\u00e9mer cat\u00e9gorie GS Ufolep du 15\/08\/2015"},"content":{"rendered":"<h1>Course de La chapelle Th\u00e9mer cat\u00e9gorie GS Ufolep du 15\/08\/2015<\/h1>\n<h2>R\u00e9sultats de la Course de La chapelle Th\u00e9mer cat\u00e9gorie GS Ufolep<\/h2>\n<h2><strong>1 SERGUE G\u00e9rard SS NIEULAISE<\/strong><br \/>\n<strong>2 BLEU No\u00ebl ASPTT POITIERS<\/strong><br \/>\n<strong>3 GAUTRONEAU Jean Paul SV FONTENAY<\/strong><br \/>\n<strong><span style=\"color: #00ff00;\">4 DUPONT Claude LE PERRIER VELO CLUB<\/span><\/strong><br \/>\n5 MELIN Christian CYCLO NANTEUILLAIS<\/h2>\n<h2>Album photos de la de la Course de La chapelle Th\u00e9mer cat\u00e9gorie GS Ufolep<\/h2>\n<h2>ngg_shortcode_0_placeholder<\/h2>\n","protected":false},"excerpt":{"rendered":"<p>Course de La chapelle Th\u00e9mer cat\u00e9gorie GS Ufolep du 15\/08\/2015 R\u00e9sultats de la Course de La chapelle Th\u00e9mer cat\u00e9gorie GS Ufolep 1 SERGUE G\u00e9rard SS NIEULAISE 2 BLEU No\u00ebl ASPTT &#8230;<\/p>\n","protected":false},"author":3,"featured_media":0,"comment_status":"closed","ping_status":"closed","sticky":false,"template":"","format":"standard","meta":{"ngg_post_thumbnail":0,"footnotes":""},"categories":[5,6],"tags":[542,545,192],"class_list":["post-2876","post","type-post","status-publish","format-standard","hentry","category-infos","category-les-actualites","tag-categorie-gs","tag-claude-dupont","tag-la-chapelle-themer-2"],"_links":{"self":[{"href":"http:\/\/www.leperrierveloclub.com\/index.php\/wp-json\/wp\/v2\/posts\/2876","targetHints":{"allow":["GET"]}}],"collection":[{"href":"http:\/\/www.leperrierveloclub.com\/index.php\/wp-json\/wp\/v2\/posts"}],"about":[{"href":"http:\/\/www.leperrierveloclub.com\/index.php\/wp-json\/wp\/v2\/types\/post"}],"author":[{"embeddable":true,"href":"http:\/\/www.leperrierveloclub.com\/index.php\/wp-json\/wp\/v2\/users\/3"}],"replies":[{"embeddable":true,"href":"http:\/\/www.leperrierveloclub.com\/index.php\/wp-json\/wp\/v2\/comments?post=2876"}],"version-history":[{"count":1,"href":"http:\/\/www.leperrierveloclub.com\/index.php\/wp-json\/wp\/v2\/posts\/2876\/revisions"}],"predecessor-version":[{"id":2877,"href":"http:\/\/www.leperrierveloclub.com\/index.php\/wp-json\/wp\/v2\/posts\/2876\/revisions\/2877"}],"wp:attachment":[{"href":"http:\/\/www.leperrierveloclub.com\/index.php\/wp-json\/wp\/v2\/media?parent=2876"}],"wp:term":[{"taxonomy":"category","embeddable":true,"href":"http:\/\/www.leperrierveloclub.com\/index.php\/wp-json\/wp\/v2\/categories?post=2876"},{"taxonomy":"post_tag","embeddable":true,"href":"http:\/\/www.leperrierveloclub.com\/index.php\/wp-json\/wp\/v2\/tags?post=2876"}],"curies":[{"name":"wp","href":"https:\/\/api.w.org\/{rel}","templated":true}]}}