{"id":2817,"date":"2015-06-26T15:06:02","date_gmt":"2015-06-26T15:06:02","guid":{"rendered":"http:\/\/www.leperrierveloclub.com\/?p=2817"},"modified":"2015-06-26T15:07:40","modified_gmt":"2015-06-26T15:07:40","slug":"course-ffc-a-la-fradiniere-d3d4-du-21062015","status":"publish","type":"post","link":"http:\/\/www.leperrierveloclub.com\/index.php\/les-actualites\/infos\/course-ffc-a-la-fradiniere-d3d4-du-21062015-2817","title":{"rendered":"Course FFC \u00e0 La Fradini\u00e8re D3\/D4 du 21\/06\/2015"},"content":{"rendered":"<h1>Course FFC \u00e0 La Fradini\u00e8re D3\/D4 du 21\/06\/2015<\/h1>\n<h2>R\u00e9sultats de la Course FFC \u00e0 La Fradini\u00e8re<\/h2>\n<h2><strong>\u00a01 PENISSON James AS ST HILAIRE DE RIEZ<br \/>\n2 VENDAY Florian CYCLISME REGION POUZAUGE<br \/>\n3 BROCHARD Cedric VC CHANTENANAISIEN<br \/>\n4 BOIN Robert VC ST GILLES CROIX DE VIE<br \/>\n5 AUDOIN Pascal ST LEGER CYCLISME<br \/>\n6 PETIT Mickael LA ROCHE SUR YON V.C.<br \/>\n7 TESSIER Francis POC COTES DE LUMIERE<br \/>\n8 MASOULIER Christophe VC CHALLANDAIS<br \/>\n9 LELIEVRE Christophe REDON OC<br \/>\n10 COURTY Christian VC ST GILLES CROIX DE VIE<br \/>\n<span style=\"color: #00ff00;\">11 ROBERT Alain LE PERRIER VELO CLUB<\/span><br \/>\n<\/strong><\/h2>\n","protected":false},"excerpt":{"rendered":"<p>Course FFC \u00e0 La Fradini\u00e8re D3\/D4 du 21\/06\/2015 R\u00e9sultats de la Course FFC \u00e0 La Fradini\u00e8re \u00a01 PENISSON James AS ST HILAIRE DE RIEZ 2 VENDAY Florian CYCLISME REGION POUZAUGE &#8230;<\/p>\n","protected":false},"author":3,"featured_media":0,"comment_status":"closed","ping_status":"closed","sticky":false,"template":"","format":"standard","meta":{"ngg_post_thumbnail":0,"footnotes":""},"categories":[5,6],"tags":[565,527,526],"class_list":["post-2817","post","type-post","status-publish","format-standard","hentry","category-infos","category-les-actualites","tag-alain-robert","tag-cat-d3d4","tag-la-fradiniere"],"_links":{"self":[{"href":"http:\/\/www.leperrierveloclub.com\/index.php\/wp-json\/wp\/v2\/posts\/2817","targetHints":{"allow":["GET"]}}],"collection":[{"href":"http:\/\/www.leperrierveloclub.com\/index.php\/wp-json\/wp\/v2\/posts"}],"about":[{"href":"http:\/\/www.leperrierveloclub.com\/index.php\/wp-json\/wp\/v2\/types\/post"}],"author":[{"embeddable":true,"href":"http:\/\/www.leperrierveloclub.com\/index.php\/wp-json\/wp\/v2\/users\/3"}],"replies":[{"embeddable":true,"href":"http:\/\/www.leperrierveloclub.com\/index.php\/wp-json\/wp\/v2\/comments?post=2817"}],"version-history":[{"count":1,"href":"http:\/\/www.leperrierveloclub.com\/index.php\/wp-json\/wp\/v2\/posts\/2817\/revisions"}],"predecessor-version":[{"id":2818,"href":"http:\/\/www.leperrierveloclub.com\/index.php\/wp-json\/wp\/v2\/posts\/2817\/revisions\/2818"}],"wp:attachment":[{"href":"http:\/\/www.leperrierveloclub.com\/index.php\/wp-json\/wp\/v2\/media?parent=2817"}],"wp:term":[{"taxonomy":"category","embeddable":true,"href":"http:\/\/www.leperrierveloclub.com\/index.php\/wp-json\/wp\/v2\/categories?post=2817"},{"taxonomy":"post_tag","embeddable":true,"href":"http:\/\/www.leperrierveloclub.com\/index.php\/wp-json\/wp\/v2\/tags?post=2817"}],"curies":[{"name":"wp","href":"https:\/\/api.w.org\/{rel}","templated":true}]}}