{"id":2636,"date":"2015-04-25T15:20:05","date_gmt":"2015-04-25T15:20:05","guid":{"rendered":"http:\/\/www.leperrierveloclub.com\/?p=2636"},"modified":"2015-04-25T15:20:05","modified_gmt":"2015-04-25T15:20:05","slug":"course-ufolep-a-la-chapelle-hermier-du-19042015","status":"publish","type":"post","link":"http:\/\/www.leperrierveloclub.com\/index.php\/les-actualites\/infos\/course-ufolep-a-la-chapelle-hermier-du-19042015-2636","title":{"rendered":"Course Ufolep \u00e0 La Chapelle Hermier du 19\/04\/2015"},"content":{"rendered":"<h1>Course Ufolep \u00e0 La Chapelle Hermier du 19\/04\/2015<\/h1>\n<h2>R\u00e9sultats de la Course Ufolep \u00e0 La Chapelle Hermier en 3e cat\u00e9gorie<\/h2>\n<p>1 LEBRETON S\u00e9bastien CC SERIGNE<br \/>\n2 BRENO Franck CC SERIGNE<br \/>\n<strong><span style=\"color: #00ff00;\">3 AUDOUX Franck LE PERRIER VELO CLUB<\/span><\/strong><br \/>\n4 MAURICE Laurent MOUILLERON SPORT<br \/>\n5 MERIAU Benoit ST MAIXENT<\/p>\n<h2>Album photos de la Course Ufolep \u00e0 La Chapelle Hermier en 3e cat\u00e9gorie<\/h2>\nngg_shortcode_0_placeholder\n<h2>R\u00e9sultats de la Course Ufolep \u00e0 La Chapelle Hermier en cat\u00e9gorie GS<\/h2>\n<p>1 GENDRE Jean Luc VC VENANSAULT<br \/>\n2 MARTINEAU Christian COEX<br \/>\n3 NICOLAS Jean ECC OLONNE<br \/>\n<strong><span style=\"color: #00ff00;\">4 DANIEAU Xavier LE PERRIER VELO CLUB<\/span><\/strong><br \/>\n5 BESSEAU Julien SS NIEUL<\/p>\n<h2>Album photos de la Course Ufolep \u00e0 La Chapelle Hermier en cat\u00e9gorie GS<\/h2>\nngg_shortcode_1_placeholder\n<p>&nbsp;<\/p>\n<p>&nbsp;<\/p>\n","protected":false},"excerpt":{"rendered":"<p>Course Ufolep \u00e0 La Chapelle Hermier du 19\/04\/2015 R\u00e9sultats de la Course Ufolep \u00e0 La Chapelle Hermier en 3e cat\u00e9gorie 1 LEBRETON S\u00e9bastien CC SERIGNE 2 BRENO Franck CC SERIGNE &#8230;<\/p>\n","protected":false},"author":3,"featured_media":0,"comment_status":"closed","ping_status":"closed","sticky":false,"template":"","format":"standard","meta":{"ngg_post_thumbnail":0,"footnotes":""},"categories":[5,6],"tags":[543,542,544,645,550],"class_list":["post-2636","post","type-post","status-publish","format-standard","hentry","category-infos","category-les-actualites","tag-3e-categorie","tag-categorie-gs","tag-franck-audoux","tag-la-chapelle-hermier","tag-xavier-danieau"],"_links":{"self":[{"href":"http:\/\/www.leperrierveloclub.com\/index.php\/wp-json\/wp\/v2\/posts\/2636","targetHints":{"allow":["GET"]}}],"collection":[{"href":"http:\/\/www.leperrierveloclub.com\/index.php\/wp-json\/wp\/v2\/posts"}],"about":[{"href":"http:\/\/www.leperrierveloclub.com\/index.php\/wp-json\/wp\/v2\/types\/post"}],"author":[{"embeddable":true,"href":"http:\/\/www.leperrierveloclub.com\/index.php\/wp-json\/wp\/v2\/users\/3"}],"replies":[{"embeddable":true,"href":"http:\/\/www.leperrierveloclub.com\/index.php\/wp-json\/wp\/v2\/comments?post=2636"}],"version-history":[{"count":1,"href":"http:\/\/www.leperrierveloclub.com\/index.php\/wp-json\/wp\/v2\/posts\/2636\/revisions"}],"predecessor-version":[{"id":2637,"href":"http:\/\/www.leperrierveloclub.com\/index.php\/wp-json\/wp\/v2\/posts\/2636\/revisions\/2637"}],"wp:attachment":[{"href":"http:\/\/www.leperrierveloclub.com\/index.php\/wp-json\/wp\/v2\/media?parent=2636"}],"wp:term":[{"taxonomy":"category","embeddable":true,"href":"http:\/\/www.leperrierveloclub.com\/index.php\/wp-json\/wp\/v2\/categories?post=2636"},{"taxonomy":"post_tag","embeddable":true,"href":"http:\/\/www.leperrierveloclub.com\/index.php\/wp-json\/wp\/v2\/tags?post=2636"}],"curies":[{"name":"wp","href":"https:\/\/api.w.org\/{rel}","templated":true}]}}