{"id":2242,"date":"2014-07-30T07:35:01","date_gmt":"2014-07-30T07:35:01","guid":{"rendered":"http:\/\/www.leperrierveloclub.com\/?p=2242"},"modified":"2014-07-30T07:38:51","modified_gmt":"2014-07-30T07:38:51","slug":"course-ufolep-a-st-hilaire-la-foret-categorie-gs-du-27072014","status":"publish","type":"post","link":"http:\/\/www.leperrierveloclub.com\/index.php\/les-actualites\/infos\/course-ufolep-a-st-hilaire-la-foret-categorie-gs-du-27072014-2242","title":{"rendered":"Course Ufolep \u00e0 St Hilaire La For\u00eat Cat\u00e9gorie GS du 27\/07\/2014"},"content":{"rendered":"<h1>Course Ufolep \u00e0 St Hilaire La For\u00eat Cat\u00e9gorie GS du 27\/07\/2014<\/h1>\n<h2>R\u00e9sultats de la Course \u00e0 St Hilaire La For\u00eat Cat\u00e9gorie GS du 27\/07\/2014<\/h2>\n<p>1 GAUTRONNEAU Jean Paul SV FONTENAY<br \/>\n2 HEURTEL Gilbert VCCO LA ROCHELLE<br \/>\n<strong><span style=\"color: #00ff00;\">3 DUPONT Claude LE PERRIER VELO CLUB<\/span><\/strong><br \/>\n<strong><span style=\"color: #00ff00;\">4 ALLEE Ernest LE PERRIER VELO CLUB<\/span><\/strong><br \/>\n5 HAMON Morice NIEUL<br \/>\n6 GUILLOU R\u00e9mi DOMPIERRE<br \/>\n7 LEBARS Daniel PEERSAN<br \/>\n8 SERGUES G\u00e9rard NIEUL<br \/>\n9 GARNIER Dany OULMES<br \/>\n10 PANAUD Jacques MONTLUCON<\/p>\n<h2>Album photos de la Course \u00e0 St Hilaire La For\u00eat Cat\u00e9gorie GS du 27\/07\/2014<\/h2>\nngg_shortcode_0_placeholder\n","protected":false},"excerpt":{"rendered":"<p>Course Ufolep \u00e0 St Hilaire La For\u00eat Cat\u00e9gorie GS du 27\/07\/2014 R\u00e9sultats de la Course \u00e0 St Hilaire La For\u00eat Cat\u00e9gorie GS du 27\/07\/2014 1 GAUTRONNEAU Jean Paul SV FONTENAY &#8230;<\/p>\n","protected":false},"author":3,"featured_media":0,"comment_status":"closed","ping_status":"closed","sticky":false,"template":"","format":"standard","meta":{"ngg_post_thumbnail":0,"footnotes":""},"categories":[5,6],"tags":[542,545,609,634],"class_list":["post-2242","post","type-post","status-publish","format-standard","hentry","category-infos","category-les-actualites","tag-categorie-gs","tag-claude-dupont","tag-ernest-allee","tag-st-hilaire-la-foret"],"_links":{"self":[{"href":"http:\/\/www.leperrierveloclub.com\/index.php\/wp-json\/wp\/v2\/posts\/2242","targetHints":{"allow":["GET"]}}],"collection":[{"href":"http:\/\/www.leperrierveloclub.com\/index.php\/wp-json\/wp\/v2\/posts"}],"about":[{"href":"http:\/\/www.leperrierveloclub.com\/index.php\/wp-json\/wp\/v2\/types\/post"}],"author":[{"embeddable":true,"href":"http:\/\/www.leperrierveloclub.com\/index.php\/wp-json\/wp\/v2\/users\/3"}],"replies":[{"embeddable":true,"href":"http:\/\/www.leperrierveloclub.com\/index.php\/wp-json\/wp\/v2\/comments?post=2242"}],"version-history":[{"count":2,"href":"http:\/\/www.leperrierveloclub.com\/index.php\/wp-json\/wp\/v2\/posts\/2242\/revisions"}],"predecessor-version":[{"id":2244,"href":"http:\/\/www.leperrierveloclub.com\/index.php\/wp-json\/wp\/v2\/posts\/2242\/revisions\/2244"}],"wp:attachment":[{"href":"http:\/\/www.leperrierveloclub.com\/index.php\/wp-json\/wp\/v2\/media?parent=2242"}],"wp:term":[{"taxonomy":"category","embeddable":true,"href":"http:\/\/www.leperrierveloclub.com\/index.php\/wp-json\/wp\/v2\/categories?post=2242"},{"taxonomy":"post_tag","embeddable":true,"href":"http:\/\/www.leperrierveloclub.com\/index.php\/wp-json\/wp\/v2\/tags?post=2242"}],"curies":[{"name":"wp","href":"https:\/\/api.w.org\/{rel}","templated":true}]}}