{"id":2219,"date":"2014-07-21T15:40:25","date_gmt":"2014-07-21T15:40:25","guid":{"rendered":"http:\/\/www.leperrierveloclub.com\/?p=2219"},"modified":"2014-07-21T15:40:25","modified_gmt":"2014-07-21T15:40:25","slug":"course-ufolep-de-fontenay-le-comte-pole-85-categorie-gs-du-18072014","status":"publish","type":"post","link":"http:\/\/www.leperrierveloclub.com\/index.php\/les-actualites\/infos\/course-ufolep-de-fontenay-le-comte-pole-85-categorie-gs-du-18072014-2219","title":{"rendered":"Course Ufolep de Fontenay le Comte (P\u00f4le 85) cat\u00e9gorie GS du 18\/07\/2014"},"content":{"rendered":"<h1>Course Ufolep de Fontenay le Comte (P\u00f4le 85) cat\u00e9gorie GS du 18\/07\/2014<\/h1>\n<h2>R\u00e9sultats de la Course de Fontenay le Comte (P\u00f4le 85) cat\u00e9gorie GS du 18\/07\/2014<\/h2>\n<p><strong><span style=\"color: #00ff00;\">1 ROBERT Alain LE PERRIER VELO CLUB<\/span><\/strong><br \/>\n<strong><span style=\"color: #00ff00;\">2 MAUBERT Marc LE PERRIER VELO CLUB<\/span><\/strong><br \/>\n3 GUILLOU R\u00e9mi VS DOMPIERRE<br \/>\n4 HAMONT Morice SS NIEUL<br \/>\n5 PILLOT Philippe VC NIORT<br \/>\n6 GARNIER Dany OULMES\/BOUILLE\/COURDAULT<br \/>\n7 SERGUES G\u00e9rard SS NIEUL<br \/>\n<strong><span style=\"color: #00ff00;\">8 DUPONT Claude LE PERRIER VELO CLUB<\/span><\/strong><br \/>\n<strong><span style=\"color: #00ff00;\">9 COMMERIE Pierre LE PERRIER VELO CLUB<\/span><\/strong><\/p>\n<h2>Album photos de la Course de Fontenay le Comte (P\u00f4le 85) cat\u00e9gorie GS du 18\/07\/2014<\/h2>\nngg_shortcode_0_placeholder\n","protected":false},"excerpt":{"rendered":"<p>Course Ufolep de Fontenay le Comte (P\u00f4le 85) cat\u00e9gorie GS du 18\/07\/2014 R\u00e9sultats de la Course de Fontenay le Comte (P\u00f4le 85) cat\u00e9gorie GS du 18\/07\/2014 1 ROBERT Alain LE &#8230;<\/p>\n","protected":false},"author":3,"featured_media":0,"comment_status":"closed","ping_status":"closed","sticky":false,"template":"","format":"standard","meta":{"ngg_post_thumbnail":0,"footnotes":""},"categories":[5,6],"tags":[565,542,545,128,620,627],"class_list":["post-2219","post","type-post","status-publish","format-standard","hentry","category-infos","category-les-actualites","tag-alain-robert","tag-categorie-gs","tag-claude-dupont","tag-fontenay-le-comte-2","tag-marc-maubert","tag-pierre-commerie"],"_links":{"self":[{"href":"http:\/\/www.leperrierveloclub.com\/index.php\/wp-json\/wp\/v2\/posts\/2219","targetHints":{"allow":["GET"]}}],"collection":[{"href":"http:\/\/www.leperrierveloclub.com\/index.php\/wp-json\/wp\/v2\/posts"}],"about":[{"href":"http:\/\/www.leperrierveloclub.com\/index.php\/wp-json\/wp\/v2\/types\/post"}],"author":[{"embeddable":true,"href":"http:\/\/www.leperrierveloclub.com\/index.php\/wp-json\/wp\/v2\/users\/3"}],"replies":[{"embeddable":true,"href":"http:\/\/www.leperrierveloclub.com\/index.php\/wp-json\/wp\/v2\/comments?post=2219"}],"version-history":[{"count":1,"href":"http:\/\/www.leperrierveloclub.com\/index.php\/wp-json\/wp\/v2\/posts\/2219\/revisions"}],"predecessor-version":[{"id":2220,"href":"http:\/\/www.leperrierveloclub.com\/index.php\/wp-json\/wp\/v2\/posts\/2219\/revisions\/2220"}],"wp:attachment":[{"href":"http:\/\/www.leperrierveloclub.com\/index.php\/wp-json\/wp\/v2\/media?parent=2219"}],"wp:term":[{"taxonomy":"category","embeddable":true,"href":"http:\/\/www.leperrierveloclub.com\/index.php\/wp-json\/wp\/v2\/categories?post=2219"},{"taxonomy":"post_tag","embeddable":true,"href":"http:\/\/www.leperrierveloclub.com\/index.php\/wp-json\/wp\/v2\/tags?post=2219"}],"curies":[{"name":"wp","href":"https:\/\/api.w.org\/{rel}","templated":true}]}}