{"id":1662,"date":"2013-09-09T15:06:17","date_gmt":"2013-09-09T15:06:17","guid":{"rendered":"http:\/\/www.leperrierveloclub.com\/?p=1662"},"modified":"2013-09-09T15:06:17","modified_gmt":"2013-09-09T15:06:17","slug":"course-ufolep-a-la-frelandiere-du-08092013","status":"publish","type":"post","link":"http:\/\/www.leperrierveloclub.com\/index.php\/les-actualites\/infos\/course-ufolep-a-la-frelandiere-du-08092013-1662","title":{"rendered":"Course UFOLEP \u00e0 La Frelandi\u00e8re du 08\/09\/2013"},"content":{"rendered":"<h1>Course UFOLEP \u00e0 La Frelandi\u00e8re du 08\/09\/2013<\/h1>\n<h2>R\u00e9sultats de la course UFOLEP \u00e0 La Frelandi\u00e8re cat\u00e9gorie GS du 08\/09\/2013<\/h2>\n<table width=\"561\" border=\"0\" cellspacing=\"0\" cellpadding=\"0\">\n<colgroup>\n<col style=\"mso-width-source: userset; mso-width-alt: 3730; width: 77pt;\" width=\"102\" \/>\n<col style=\"mso-width-source: userset; mso-width-alt: 4205; width: 86pt;\" width=\"115\" \/>\n<col style=\"mso-width-source: userset; mso-width-alt: 3620; width: 74pt;\" width=\"99\" \/>\n<col style=\"mso-width-source: userset; mso-width-alt: 8960; width: 184pt;\" width=\"245\" \/> <\/colgroup>\n<tbody>\n<tr style=\"height: 12.75pt;\">\n<th class=\"xl65\" style=\"height: 12.75pt; width: 77pt;\" width=\"102\" height=\"17\">CLASSEMENT<\/th>\n<th class=\"xl65\" style=\"border-left: none; width: 86pt;\" width=\"115\">NOM<\/th>\n<th class=\"xl65\" style=\"border-left: none; width: 74pt;\" width=\"99\">Pr\u00e9nom<\/th>\n<th class=\"xl65\" style=\"border-left: none; width: 184pt;\" width=\"245\">CLUB<\/th>\n<\/tr>\n<tr style=\"height: 12.75pt;\">\n<td class=\"xl65\" style=\"height: 12.75pt; border-top: none;\" height=\"17\">1<\/td>\n<td class=\"xl65\" style=\"border-top: none; border-left: none;\">CAMPOS<\/td>\n<td class=\"xl65\" style=\"border-top: none; border-left: none;\">Bernard<\/td>\n<td class=\"xl65\" style=\"border-top: none; border-left: none;\">VCCO LA ROCHELLE 17<\/td>\n<\/tr>\n<tr style=\"height: 12.75pt;\">\n<td class=\"xl65\" style=\"height: 12.75pt; border-top: none;\" height=\"17\">2<\/td>\n<td class=\"xl65\" style=\"border-top: none; border-left: none;\">RUGEL<\/td>\n<td class=\"xl65\" style=\"border-top: none; border-left: none;\">GILBERT<\/td>\n<td class=\"xl65\" style=\"border-top: none; border-left: none;\">VCCO LA ROCHELLE 17<\/td>\n<\/tr>\n<tr style=\"height: 12.75pt;\">\n<td class=\"xl65\" style=\"height: 12.75pt; border-top: none;\" height=\"17\">3<\/td>\n<td class=\"xl65\" style=\"border-top: none; border-left: none;\">MONTI<\/td>\n<td class=\"xl65\" style=\"border-top: none; border-left: none;\">Christian<\/td>\n<td class=\"xl65\" style=\"border-top: none; border-left: none;\">VC ROCHEFORT 17<\/td>\n<\/tr>\n<tr style=\"height: 12.75pt;\">\n<td class=\"xl65\" style=\"height: 12.75pt; border-top: none;\" height=\"17\">4<\/td>\n<td class=\"xl65\" style=\"border-top: none; border-left: none;\">METAIS<\/td>\n<td class=\"xl65\" style=\"border-top: none; border-left: none;\">Fabrice<\/td>\n<td class=\"xl65\" style=\"border-top: none; border-left: none;\">UNION CYCLISTE VAL D&rsquo;OR 17<\/td>\n<\/tr>\n<tr style=\"height: 12.75pt;\">\n<td class=\"xl65\" style=\"height: 12.75pt; border-top: none;\" height=\"17\">5<\/td>\n<td class=\"xl65\" style=\"border-top: none; border-left: none;\">GAUTRONNEAU<\/td>\n<td class=\"xl65\" style=\"border-top: none; border-left: none;\">Jean Paul<\/td>\n<td class=\"xl65\" style=\"border-top: none; border-left: none;\">SV FONTENAY<\/td>\n<\/tr>\n<tr style=\"height: 12.75pt;\">\n<td class=\"xl65\" style=\"height: 12.75pt; border-top: none;\" height=\"17\"><span style=\"color: #33b730;\">6<\/span><\/td>\n<td class=\"xl65\" style=\"border-top: none; border-left: none;\"><span style=\"color: #33b730;\">ALLEE<\/span><\/td>\n<td class=\"xl65\" style=\"border-top: none; border-left: none;\"><span style=\"color: #33b730;\">Ernest<\/span><\/td>\n<td class=\"xl65\" style=\"border-top: none; border-left: none;\"><span style=\"color: #33b730;\">LE PERRIER VELO CLUB<\/span><\/td>\n<\/tr>\n<tr style=\"height: 12.75pt;\">\n<td class=\"xl65\" style=\"height: 12.75pt; border-top: none;\" height=\"17\"><span style=\"color: #33b730;\">7<\/span><\/td>\n<td class=\"xl65\" style=\"border-top: none; border-left: none;\"><span style=\"color: #33b730;\">MAUBERT<\/span><\/td>\n<td class=\"xl65\" style=\"border-top: none; border-left: none;\"><span style=\"color: #33b730;\">Marc<\/span><\/td>\n<td class=\"xl65\" style=\"border-top: none; border-left: none;\"><span style=\"color: #33b730;\">LE PERRIER VELO CLUB<\/span><\/td>\n<\/tr>\n<tr style=\"height: 12.75pt;\">\n<td class=\"xl65\" style=\"height: 12.75pt; border-top: none;\" height=\"17\"><span style=\"color: #33b730;\">8<\/span><\/td>\n<td class=\"xl65\" style=\"border-top: none; border-left: none;\"><span style=\"color: #33b730;\">TESSIER<\/span><\/td>\n<td class=\"xl65\" style=\"border-top: none; border-left: none;\"><span style=\"color: #33b730;\">Claude<\/span><\/td>\n<td class=\"xl65\" style=\"border-top: none; border-left: none;\"><span style=\"color: #33b730;\">LE PERRIER VELO CLUB<\/span><\/td>\n<\/tr>\n<tr style=\"height: 12.75pt;\">\n<td class=\"xl65\" style=\"height: 12.75pt; border-top: none;\" height=\"17\">9<\/td>\n<td class=\"xl65\" style=\"border-top: none; border-left: none;\">CAGEOT<\/td>\n<td class=\"xl65\" style=\"border-top: none; border-left: none;\">Christian<\/td>\n<td class=\"xl65\" style=\"border-top: none; border-left: none;\">CC DREUX 28<\/td>\n<\/tr>\n<tr style=\"height: 12.75pt;\">\n<td class=\"xl65\" style=\"height: 12.75pt; border-top: none;\" height=\"17\">10<\/td>\n<td class=\"xl65\" style=\"border-top: none; border-left: none;\">HAMON<span style=\"mso-spacerun: yes;\">\u00a0<\/span><\/td>\n<td class=\"xl65\" style=\"border-top: none; border-left: none;\">Maurice<\/td>\n<td class=\"xl65\" style=\"border-top: none; border-left: none;\">SS NIEULAISE<\/td>\n<\/tr>\n<\/tbody>\n<\/table>\n<h2><\/h2>\n","protected":false},"excerpt":{"rendered":"<p>Course UFOLEP \u00e0 La Frelandi\u00e8re du 08\/09\/2013 R\u00e9sultats de la course UFOLEP \u00e0 La Frelandi\u00e8re cat\u00e9gorie GS du 08\/09\/2013 CLASSEMENT NOM Pr\u00e9nom CLUB 1 CAMPOS Bernard VCCO LA ROCHELLE 17 &#8230;<\/p>\n","protected":false},"author":3,"featured_media":0,"comment_status":"closed","ping_status":"closed","sticky":false,"template":"","format":"standard","meta":{"ngg_post_thumbnail":0,"footnotes":""},"categories":[5,6],"tags":[542,615,609,390,620],"class_list":["post-1662","post","type-post","status-publish","format-standard","hentry","category-infos","category-les-actualites","tag-categorie-gs","tag-claude-tessier","tag-ernest-allee","tag-la-frelandiere","tag-marc-maubert"],"_links":{"self":[{"href":"http:\/\/www.leperrierveloclub.com\/index.php\/wp-json\/wp\/v2\/posts\/1662","targetHints":{"allow":["GET"]}}],"collection":[{"href":"http:\/\/www.leperrierveloclub.com\/index.php\/wp-json\/wp\/v2\/posts"}],"about":[{"href":"http:\/\/www.leperrierveloclub.com\/index.php\/wp-json\/wp\/v2\/types\/post"}],"author":[{"embeddable":true,"href":"http:\/\/www.leperrierveloclub.com\/index.php\/wp-json\/wp\/v2\/users\/3"}],"replies":[{"embeddable":true,"href":"http:\/\/www.leperrierveloclub.com\/index.php\/wp-json\/wp\/v2\/comments?post=1662"}],"version-history":[{"count":2,"href":"http:\/\/www.leperrierveloclub.com\/index.php\/wp-json\/wp\/v2\/posts\/1662\/revisions"}],"predecessor-version":[{"id":1664,"href":"http:\/\/www.leperrierveloclub.com\/index.php\/wp-json\/wp\/v2\/posts\/1662\/revisions\/1664"}],"wp:attachment":[{"href":"http:\/\/www.leperrierveloclub.com\/index.php\/wp-json\/wp\/v2\/media?parent=1662"}],"wp:term":[{"taxonomy":"category","embeddable":true,"href":"http:\/\/www.leperrierveloclub.com\/index.php\/wp-json\/wp\/v2\/categories?post=1662"},{"taxonomy":"post_tag","embeddable":true,"href":"http:\/\/www.leperrierveloclub.com\/index.php\/wp-json\/wp\/v2\/tags?post=1662"}],"curies":[{"name":"wp","href":"https:\/\/api.w.org\/{rel}","templated":true}]}}