{"id":1564,"date":"2013-06-17T15:58:02","date_gmt":"2013-06-17T15:58:02","guid":{"rendered":"http:\/\/www.leperrierveloclub.com\/?p=1564"},"modified":"2013-06-17T15:58:02","modified_gmt":"2013-06-17T15:58:02","slug":"course-ufolep-categorie-gs-a-nieul-la-janniere-du-16062013","status":"publish","type":"post","link":"http:\/\/www.leperrierveloclub.com\/index.php\/les-actualites\/infos\/course-ufolep-categorie-gs-a-nieul-la-janniere-du-16062013-1564","title":{"rendered":"Course UFOLEP Cat\u00e9gorie GS \u00e0 NIEUL \u00ab\u00a0La Janni\u00e8re\u00a0\u00bb du 16\/06\/2013"},"content":{"rendered":"<h1>Course UFOLEP Cat\u00e9gorie GS \u00e0 NIEUL \u00ab\u00a0La Janni\u00e8re\u00a0\u00bb du 16\/06\/2013<\/h1>\n<h2>R\u00e9sultats de la course UFOLEP Cat\u00e9gorie GS \u00e0 NIEUL \u00ab\u00a0La Janni\u00e8re\u00a0\u00bb du 16\/06\/2013<\/h2>\n<table width=\"555\" border=\"0\" cellspacing=\"0\" cellpadding=\"0\">\n<colgroup>\n<col style=\"mso-width-source: userset; mso-width-alt: 3437; width: 71pt;\" width=\"94\" \/>\n<col style=\"mso-width-source: userset; mso-width-alt: 4169; width: 86pt;\" width=\"114\" \/>\n<col style=\"mso-width-source: userset; mso-width-alt: 3693; width: 76pt;\" width=\"101\" \/>\n<col style=\"mso-width-source: userset; mso-width-alt: 8996; width: 185pt;\" width=\"246\" \/> <\/colgroup>\n<tbody>\n<tr style=\"height: 12.75pt;\">\n<th class=\"xl65\" style=\"height: 12.75pt; width: 71pt;\" width=\"94\" height=\"17\">CLASSEMENT<\/th>\n<th class=\"xl65\" style=\"border-left: none; width: 86pt;\" width=\"114\">NOM<\/th>\n<th class=\"xl65\" style=\"border-left: none; width: 76pt;\" width=\"101\">PRENOM<\/th>\n<th class=\"xl65\" style=\"border-left: none; width: 185pt;\" width=\"246\">CLUB<\/th>\n<\/tr>\n<tr style=\"height: 12.75pt;\">\n<td class=\"xl65\" style=\"height: 12.75pt; border-top: none;\" height=\"17\">1<\/td>\n<td class=\"xl65\" style=\"border-top: none; border-left: none;\">GARNIER<\/td>\n<td class=\"xl65\" style=\"border-top: none; border-left: none;\">Dany<\/td>\n<td class=\"xl65\" style=\"border-top: none; border-left: none;\">AL OULMES\/BOUILLE\/COURDAULT<\/td>\n<\/tr>\n<tr style=\"height: 12.75pt;\">\n<td class=\"xl65\" style=\"height: 12.75pt; border-top: none;\" height=\"17\"><span style=\"color: #33b730;\">2<\/span><\/td>\n<td class=\"xl65\" style=\"border-top: none; border-left: none;\"><span style=\"color: #33b730;\">COMMERIE<\/span><\/td>\n<td class=\"xl65\" style=\"border-top: none; border-left: none;\"><span style=\"color: #33b730;\">Pierre<\/span><\/td>\n<td class=\"xl65\" style=\"border-top: none; border-left: none;\"><span style=\"color: #33b730;\">LE PERRIER VELO CLUB<\/span><\/td>\n<\/tr>\n<tr style=\"height: 12.75pt;\">\n<td class=\"xl65\" style=\"height: 12.75pt; border-top: none;\" height=\"17\">3<\/td>\n<td class=\"xl65\" style=\"border-top: none; border-left: none;\">LACROIX<\/td>\n<td class=\"xl65\" style=\"border-top: none; border-left: none;\">G\u00e9rard<\/td>\n<td class=\"xl65\" style=\"border-top: none; border-left: none;\">ASC VOISSENON<\/td>\n<\/tr>\n<tr style=\"height: 12.75pt;\">\n<td class=\"xl65\" style=\"height: 12.75pt; border-top: none;\" height=\"17\"><span style=\"color: #33b730;\">4<\/span><\/td>\n<td class=\"xl65\" style=\"border-top: none; border-left: none;\"><span style=\"color: #33b730;\">ALLEE<\/span><\/td>\n<td class=\"xl65\" style=\"border-top: none; border-left: none;\"><span style=\"color: #33b730;\">Ernest<\/span><\/td>\n<td class=\"xl65\" style=\"border-top: none; border-left: none;\"><span style=\"color: #33b730;\">LE PERRIER VELO CLUB<\/span><\/td>\n<\/tr>\n<tr style=\"height: 12.75pt;\">\n<td class=\"xl65\" style=\"height: 12.75pt; border-top: none;\" height=\"17\">5<\/td>\n<td class=\"xl65\" style=\"border-top: none; border-left: none;\">PICHON<\/td>\n<td class=\"xl65\" style=\"border-top: none; border-left: none;\">Bernard<\/td>\n<td class=\"xl65\" style=\"border-top: none; border-left: none;\">SV FONTENAY<\/td>\n<\/tr>\n<tr style=\"height: 12.75pt;\">\n<td class=\"xl65\" style=\"height: 12.75pt; border-top: none;\" height=\"17\">6<\/td>\n<td class=\"xl65\" style=\"border-top: none; border-left: none;\">BESSEAU<\/td>\n<td class=\"xl65\" style=\"border-top: none; border-left: none;\">Julien<\/td>\n<td class=\"xl65\" style=\"border-top: none; border-left: none;\">SS NIEULAISE<\/td>\n<\/tr>\n<tr style=\"height: 12.75pt;\">\n<td class=\"xl65\" style=\"height: 12.75pt; border-top: none;\" height=\"17\">7<\/td>\n<td class=\"xl65\" style=\"border-top: none; border-left: none;\">BELLIARD<\/td>\n<td class=\"xl65\" style=\"border-top: none; border-left: none;\">Manuel<\/td>\n<td class=\"xl65\" style=\"border-top: none; border-left: none;\">CC SERIGNE<\/td>\n<\/tr>\n<tr style=\"height: 12.75pt;\">\n<td class=\"xl65\" style=\"height: 12.75pt; border-top: none;\" height=\"17\"><span style=\"color: #33b730;\">8<\/span><\/td>\n<td class=\"xl65\" style=\"border-top: none; border-left: none;\"><span style=\"color: #33b730;\">TESSIER<\/span><\/td>\n<td class=\"xl65\" style=\"border-top: none; border-left: none;\"><span style=\"color: #33b730;\">Claude<\/span><\/td>\n<td class=\"xl65\" style=\"border-top: none; border-left: none;\"><span style=\"color: #33b730;\">LE PERRIER VELO CLUB<\/span><\/td>\n<\/tr>\n<tr style=\"height: 12.75pt;\">\n<td class=\"xl65\" style=\"height: 12.75pt; border-top: none;\" height=\"17\">9<\/td>\n<td class=\"xl65\" style=\"border-top: none; border-left: none;\">SERGUES<\/td>\n<td class=\"xl65\" style=\"border-top: none; border-left: none;\">G\u00e9rard<\/td>\n<td class=\"xl65\" style=\"border-top: none; border-left: none;\">ECCO<\/td>\n<\/tr>\n<tr style=\"height: 12.75pt;\">\n<td class=\"xl65\" style=\"height: 12.75pt; border-top: none;\" height=\"17\">10<\/td>\n<td class=\"xl65\" style=\"border-top: none; border-left: none;\">CHARRIER<\/td>\n<td class=\"xl65\" style=\"border-top: none; border-left: none;\">Jacques<\/td>\n<td class=\"xl65\" style=\"border-top: none; border-left: none;\">COEX OLYMPIQUE<\/td>\n<\/tr>\n<\/tbody>\n<\/table>\n<h2>Album photos de la course UFOLEP Cat\u00e9gorie GS \u00e0 NIEUL \u00ab\u00a0La Janni\u00e8re\u00a0\u00bb du 16\/06\/2013<\/h2>\nngg_shortcode_0_placeholder\n","protected":false},"excerpt":{"rendered":"<p>Course UFOLEP Cat\u00e9gorie GS \u00e0 NIEUL \u00ab\u00a0La Janni\u00e8re\u00a0\u00bb du 16\/06\/2013 R\u00e9sultats de la course UFOLEP Cat\u00e9gorie GS \u00e0 NIEUL \u00ab\u00a0La Janni\u00e8re\u00a0\u00bb du 16\/06\/2013 CLASSEMENT NOM PRENOM CLUB 1 GARNIER Dany &#8230;<\/p>\n","protected":false},"author":3,"featured_media":0,"comment_status":"closed","ping_status":"closed","sticky":false,"template":"","format":"standard","meta":{"ngg_post_thumbnail":0,"footnotes":""},"categories":[5,6],"tags":[542,615,609,563,627],"class_list":["post-1564","post","type-post","status-publish","format-standard","hentry","category-infos","category-les-actualites","tag-categorie-gs","tag-claude-tessier","tag-ernest-allee","tag-nieul-le-dolent","tag-pierre-commerie"],"_links":{"self":[{"href":"http:\/\/www.leperrierveloclub.com\/index.php\/wp-json\/wp\/v2\/posts\/1564","targetHints":{"allow":["GET"]}}],"collection":[{"href":"http:\/\/www.leperrierveloclub.com\/index.php\/wp-json\/wp\/v2\/posts"}],"about":[{"href":"http:\/\/www.leperrierveloclub.com\/index.php\/wp-json\/wp\/v2\/types\/post"}],"author":[{"embeddable":true,"href":"http:\/\/www.leperrierveloclub.com\/index.php\/wp-json\/wp\/v2\/users\/3"}],"replies":[{"embeddable":true,"href":"http:\/\/www.leperrierveloclub.com\/index.php\/wp-json\/wp\/v2\/comments?post=1564"}],"version-history":[{"count":2,"href":"http:\/\/www.leperrierveloclub.com\/index.php\/wp-json\/wp\/v2\/posts\/1564\/revisions"}],"predecessor-version":[{"id":1566,"href":"http:\/\/www.leperrierveloclub.com\/index.php\/wp-json\/wp\/v2\/posts\/1564\/revisions\/1566"}],"wp:attachment":[{"href":"http:\/\/www.leperrierveloclub.com\/index.php\/wp-json\/wp\/v2\/media?parent=1564"}],"wp:term":[{"taxonomy":"category","embeddable":true,"href":"http:\/\/www.leperrierveloclub.com\/index.php\/wp-json\/wp\/v2\/categories?post=1564"},{"taxonomy":"post_tag","embeddable":true,"href":"http:\/\/www.leperrierveloclub.com\/index.php\/wp-json\/wp\/v2\/tags?post=1564"}],"curies":[{"name":"wp","href":"https:\/\/api.w.org\/{rel}","templated":true}]}}