{"id":1494,"date":"2013-05-29T14:30:03","date_gmt":"2013-05-29T14:30:03","guid":{"rendered":"http:\/\/www.leperrierveloclub.com\/?p=1494"},"modified":"2014-05-05T14:47:27","modified_gmt":"2014-05-05T14:47:27","slug":"course-ufolep-a-fontenay-le-comte-pole-85-du-24052013","status":"publish","type":"post","link":"http:\/\/www.leperrierveloclub.com\/index.php\/les-actualites\/infos\/course-ufolep-a-fontenay-le-comte-pole-85-du-24052013-1494","title":{"rendered":"Course UFOLEP \u00e0 Fontenay le Comte \u00ab\u00a0P\u00f4le 85\u00a0\u00bb du 24\/05\/2013"},"content":{"rendered":"<h1>Course UFOLEP \u00e0 Fontenay le Comte \u00ab\u00a0P\u00f4le 85\u00a0\u00bb du 24\/05\/2013<\/h1>\n<h2>R\u00e9sultats de la course UFOLEP 3e Cat\u00e9gorie \u00e0 Fontenay le Comte \u00ab\u00a0P\u00f4le 85\u00a0\u00bb du 24\/05\/2013<\/h2>\n<table width=\"621\" border=\"0\" cellspacing=\"0\" cellpadding=\"0\">\n<colgroup>\n<col style=\"mso-width-source: userset; mso-width-alt: 3949; width: 81pt;\" width=\"108\" \/>\n<col style=\"mso-width-source: userset; mso-width-alt: 4169; width: 86pt;\" width=\"114\" \/>\n<col style=\"mso-width-source: userset; mso-width-alt: 4571; width: 94pt;\" width=\"125\" \/>\n<col style=\"mso-width-source: userset; mso-width-alt: 10020; width: 206pt;\" width=\"274\" \/> <\/colgroup>\n<tbody>\n<tr style=\"height: 12.75pt;\">\n<th class=\"xl65\" style=\"height: 12.75pt; width: 81pt;\" width=\"108\" height=\"17\">CLASSEMENT<\/th>\n<th class=\"xl65\" style=\"border-left: none; width: 86pt;\" width=\"114\">NOM<\/th>\n<th class=\"xl65\" style=\"border-left: none; width: 94pt;\" width=\"125\">PRENOM<\/th>\n<th class=\"xl65\" style=\"border-left: none; width: 206pt;\" width=\"274\">CLUB<\/th>\n<\/tr>\n<tr style=\"height: 12.75pt;\">\n<td class=\"xl65\" style=\"height: 12.75pt; border-top: none;\" height=\"17\">1<\/td>\n<td class=\"xl65\" style=\"border-top: none; border-left: none;\">GOZALES<\/td>\n<td class=\"xl65\" style=\"border-top: none; border-left: none;\">Maximes<\/td>\n<td class=\"xl65\" style=\"border-top: none; border-left: none;\">COEX OLYMPIQUE CYCLISME<\/td>\n<\/tr>\n<tr style=\"height: 12.75pt;\">\n<td class=\"xl65\" style=\"height: 12.75pt; border-top: none;\" height=\"17\">2<\/td>\n<td class=\"xl65\" style=\"border-top: none; border-left: none;\">POTIRON<\/td>\n<td class=\"xl65\" style=\"border-top: none; border-left: none;\">S\u00e9bastien<\/td>\n<td class=\"xl65\" style=\"border-top: none; border-left: none;\">AC ETAULES 17<\/td>\n<\/tr>\n<tr style=\"height: 12.75pt;\">\n<td class=\"xl65\" style=\"height: 12.75pt; border-top: none;\" height=\"17\">3<\/td>\n<td class=\"xl65\" style=\"border-top: none; border-left: none;\">ORVEAU<\/td>\n<td class=\"xl65\" style=\"border-top: none; border-left: none;\">Jean Yves<\/td>\n<td class=\"xl65\" style=\"border-top: none; border-left: none;\">CC SERIGNE<\/td>\n<\/tr>\n<tr style=\"height: 12.75pt;\">\n<td class=\"xl65\" style=\"height: 12.75pt; border-top: none;\" height=\"17\">4<\/td>\n<td class=\"xl65\" style=\"border-top: none; border-left: none;\">FORGEAU<\/td>\n<td class=\"xl65\" style=\"border-top: none; border-left: none;\">Philippe<\/td>\n<td class=\"xl65\" style=\"border-top: none; border-left: none;\">VC LUCON<\/td>\n<\/tr>\n<tr style=\"height: 12.75pt;\">\n<td class=\"xl65\" style=\"height: 12.75pt; border-top: none;\" height=\"17\"><span style=\"color: #33b730;\">5<\/span><\/td>\n<td class=\"xl65\" style=\"border-top: none; border-left: none;\"><span style=\"color: #33b730;\">ROBERT<\/span><\/td>\n<td class=\"xl65\" style=\"border-top: none; border-left: none;\"><span style=\"color: #33b730;\">Alain<\/span><\/td>\n<td class=\"xl65\" style=\"border-top: none; border-left: none;\"><span style=\"color: #33b730;\">LE PERRIER VELO CLUB<\/span><\/td>\n<\/tr>\n<tr style=\"height: 12.75pt;\">\n<td class=\"xl65\" style=\"height: 12.75pt; border-top: none;\" height=\"17\"><span style=\"color: #33b730;\">6<\/span><\/td>\n<td class=\"xl65\" style=\"border-top: none; border-left: none;\"><span style=\"color: #33b730;\">PINTO<\/span><\/td>\n<td class=\"xl65\" style=\"border-top: none; border-left: none;\"><span style=\"color: #33b730;\">Jos\u00e9<\/span><\/td>\n<td class=\"xl65\" style=\"border-top: none; border-left: none;\"><span style=\"color: #33b730;\">LE PERRIER VELO CLUB<\/span><\/td>\n<\/tr>\n<tr style=\"height: 12.75pt;\">\n<td class=\"xl65\" style=\"height: 12.75pt; border-top: none;\" height=\"17\">7<\/td>\n<td class=\"xl65\" style=\"border-top: none; border-left: none;\">MARIONNO<\/td>\n<td class=\"xl65\" style=\"border-top: none; border-left: none;\">Dominique<\/td>\n<td class=\"xl65\" style=\"border-top: none; border-left: none;\">VC ST GILLES CROIX DE VIE<\/td>\n<\/tr>\n<tr style=\"height: 12.75pt;\">\n<td class=\"xl65\" style=\"height: 12.75pt; border-top: none;\" height=\"17\">8<\/td>\n<td class=\"xl65\" style=\"border-top: none; border-left: none;\">SENECHAL<\/td>\n<td class=\"xl65\" style=\"border-top: none; border-left: none;\">Ren\u00e9<\/td>\n<td class=\"xl65\" style=\"border-top: none; border-left: none;\">VS CHANTEPIE 35<\/td>\n<\/tr>\n<tr style=\"height: 12.75pt;\">\n<td class=\"xl65\" style=\"height: 12.75pt; border-top: none;\" height=\"17\">9<\/td>\n<td class=\"xl65\" style=\"border-top: none; border-left: none;\">GIRAUD<span style=\"mso-spacerun: yes;\">\u00a0<\/span><\/td>\n<td class=\"xl65\" style=\"border-top: none; border-left: none;\">Romain<\/td>\n<td class=\"xl65\" style=\"border-top: none; border-left: none;\">VC LANGONNAIS<\/td>\n<\/tr>\n<\/tbody>\n<\/table>\n<h2>Albums photos de la course UFOLEP 3e cat\u00e9gorie \u00e0 Fontenay le Comte \u00ab\u00a0P\u00f4le 85\u00a0\u00bb du 24\/05\/2013<\/h2>\nngg_shortcode_0_placeholder\n<h2>R\u00e9sultats de la course UFOLEP cat\u00e9gorie GS \u00e0 Fontenay le Comte \u00ab\u00a0P\u00f4le 85\u00a0\u00bb du 24\/05\/2013<\/h2>\n<table width=\"621\" border=\"0\" cellspacing=\"0\" cellpadding=\"0\">\n<colgroup>\n<col style=\"mso-width-source: userset; mso-width-alt: 3949; width: 81pt;\" width=\"108\" \/>\n<col style=\"mso-width-source: userset; mso-width-alt: 4169; width: 86pt;\" width=\"114\" \/>\n<col style=\"mso-width-source: userset; mso-width-alt: 4571; width: 94pt;\" width=\"125\" \/>\n<col style=\"mso-width-source: userset; mso-width-alt: 10020; width: 206pt;\" width=\"274\" \/> <\/colgroup>\n<tbody>\n<tr style=\"height: 12.75pt;\">\n<th class=\"xl65\" style=\"height: 12.75pt; width: 81pt;\" width=\"108\" height=\"17\">CLASSEMENT<\/th>\n<th class=\"xl65\" style=\"border-left: none; width: 86pt;\" width=\"114\">NOM<\/th>\n<th class=\"xl65\" style=\"border-left: none; width: 94pt;\" width=\"125\">PRENOM<\/th>\n<th class=\"xl65\" style=\"border-left: none; width: 206pt;\" width=\"274\">CLUB<\/th>\n<\/tr>\n<tr style=\"height: 12.75pt;\">\n<td class=\"xl65\" style=\"height: 12.75pt; border-top: none;\" height=\"17\">1<\/td>\n<td class=\"xl65\" style=\"border-top: none; border-left: none;\">BRIVOIS<\/td>\n<td class=\"xl65\" style=\"border-top: none; border-left: none;\">Franck<\/td>\n<td class=\"xl65\" style=\"border-top: none; border-left: none;\">AL OULMES\/BOUILLE\/COURDAULT<\/td>\n<\/tr>\n<tr style=\"height: 12.75pt;\">\n<td class=\"xl65\" style=\"height: 12.75pt; border-top: none;\" height=\"17\">2<\/td>\n<td class=\"xl65\" style=\"border-top: none; border-left: none;\">GENDRE<\/td>\n<td class=\"xl65\" style=\"border-top: none; border-left: none;\">Jean-Luc<\/td>\n<td class=\"xl65\" style=\"border-top: none; border-left: none;\">VC VENANSAULT<\/td>\n<\/tr>\n<tr style=\"height: 12.75pt;\">\n<td class=\"xl65\" style=\"height: 12.75pt; border-top: none;\" height=\"17\"><span style=\"color: #33b730;\">3<\/span><\/td>\n<td class=\"xl65\" style=\"border-top: none; border-left: none;\"><span style=\"color: #33b730;\">DUPONT<\/span><\/td>\n<td class=\"xl65\" style=\"border-top: none; border-left: none;\"><span style=\"color: #33b730;\">Claude<\/span><\/td>\n<td class=\"xl65\" style=\"border-top: none; border-left: none;\"><span style=\"color: #33b730;\">LE PERRIER VELO CLUB<\/span><\/td>\n<\/tr>\n<tr style=\"height: 12.75pt;\">\n<td class=\"xl65\" style=\"height: 12.75pt; border-top: none;\" height=\"17\">4<\/td>\n<td class=\"xl65\" style=\"border-top: none; border-left: none;\"><span style=\"color: #33b730;\">COMMERIE<\/span><\/td>\n<td class=\"xl65\" style=\"border-top: none; border-left: none;\"><span style=\"color: #33b730;\">Pierre<\/span><\/td>\n<td class=\"xl65\" style=\"border-top: none; border-left: none;\"><span style=\"color: #33b730;\">LE PERRIER VELO CLUB<\/span><\/td>\n<\/tr>\n<tr style=\"height: 12.75pt;\">\n<td class=\"xl65\" style=\"height: 12.75pt; border-top: none;\" height=\"17\">5<\/td>\n<td class=\"xl65\" style=\"border-top: none; border-left: none;\">HENNEBELLE<\/td>\n<td class=\"xl65\" style=\"border-top: none; border-left: none;\">Dominique<\/td>\n<td class=\"xl65\" style=\"border-top: none; border-left: none;\">VC LUCON<\/td>\n<\/tr>\n<tr style=\"height: 12.75pt;\">\n<td class=\"xl65\" style=\"height: 12.75pt; border-top: none;\" height=\"17\">6<\/td>\n<td class=\"xl65\" style=\"border-top: none; border-left: none;\">GAUTRONNEAU<\/td>\n<td class=\"xl65\" style=\"border-top: none; border-left: none;\">Jean-Paul<\/td>\n<td class=\"xl65\" style=\"border-top: none; border-left: none;\">SV FONTENAY<\/td>\n<\/tr>\n<tr style=\"height: 12.75pt;\">\n<td class=\"xl65\" style=\"height: 12.75pt; border-top: none;\" height=\"17\">7<\/td>\n<td class=\"xl65\" style=\"border-top: none; border-left: none;\">GARNIER<\/td>\n<td class=\"xl65\" style=\"border-top: none; border-left: none;\">Dany<\/td>\n<td class=\"xl65\" style=\"border-top: none; border-left: none;\">AL OULMES\/BOUILLE\/COURDAULT<\/td>\n<\/tr>\n<\/tbody>\n<\/table>\n<h2>Album photos de la course UFOLEP cat\u00e9gorie GS \u00e0 Fontenay le Comte \u00ab\u00a0Pole 85\u00a0\u00bb du 24\/05\/2013<\/h2>\nngg_shortcode_1_placeholder\n","protected":false},"excerpt":{"rendered":"<p>Course UFOLEP \u00e0 Fontenay le Comte \u00ab\u00a0P\u00f4le 85\u00a0\u00bb du 24\/05\/2013 R\u00e9sultats de la course UFOLEP 3e Cat\u00e9gorie \u00e0 Fontenay le Comte \u00ab\u00a0P\u00f4le 85\u00a0\u00bb du 24\/05\/2013 CLASSEMENT NOM PRENOM CLUB 1 &#8230;<\/p>\n","protected":false},"author":3,"featured_media":0,"comment_status":"closed","ping_status":"closed","sticky":false,"template":"","format":"standard","meta":{"ngg_post_thumbnail":0,"footnotes":""},"categories":[5,6],"tags":[577,565,542,545,128,617,627],"class_list":["post-1494","post","type-post","status-publish","format-standard","hentry","category-infos","category-les-actualites","tag-3e-cat-ufolep","tag-alain-robert","tag-categorie-gs","tag-claude-dupont","tag-fontenay-le-comte-2","tag-jose-pinto","tag-pierre-commerie"],"_links":{"self":[{"href":"http:\/\/www.leperrierveloclub.com\/index.php\/wp-json\/wp\/v2\/posts\/1494","targetHints":{"allow":["GET"]}}],"collection":[{"href":"http:\/\/www.leperrierveloclub.com\/index.php\/wp-json\/wp\/v2\/posts"}],"about":[{"href":"http:\/\/www.leperrierveloclub.com\/index.php\/wp-json\/wp\/v2\/types\/post"}],"author":[{"embeddable":true,"href":"http:\/\/www.leperrierveloclub.com\/index.php\/wp-json\/wp\/v2\/users\/3"}],"replies":[{"embeddable":true,"href":"http:\/\/www.leperrierveloclub.com\/index.php\/wp-json\/wp\/v2\/comments?post=1494"}],"version-history":[{"count":6,"href":"http:\/\/www.leperrierveloclub.com\/index.php\/wp-json\/wp\/v2\/posts\/1494\/revisions"}],"predecessor-version":[{"id":2015,"href":"http:\/\/www.leperrierveloclub.com\/index.php\/wp-json\/wp\/v2\/posts\/1494\/revisions\/2015"}],"wp:attachment":[{"href":"http:\/\/www.leperrierveloclub.com\/index.php\/wp-json\/wp\/v2\/media?parent=1494"}],"wp:term":[{"taxonomy":"category","embeddable":true,"href":"http:\/\/www.leperrierveloclub.com\/index.php\/wp-json\/wp\/v2\/categories?post=1494"},{"taxonomy":"post_tag","embeddable":true,"href":"http:\/\/www.leperrierveloclub.com\/index.php\/wp-json\/wp\/v2\/tags?post=1494"}],"curies":[{"name":"wp","href":"https:\/\/api.w.org\/{rel}","templated":true}]}}