{"id":1089,"date":"2012-10-01T07:59:48","date_gmt":"2012-10-01T07:59:48","guid":{"rendered":"http:\/\/www.leperrierveloclub.com\/?p=1089"},"modified":"2012-10-01T09:07:17","modified_gmt":"2012-10-01T09:07:17","slug":"la-velautomne-cyclosportive-categorie-feminine-du-22092012","status":"publish","type":"post","link":"http:\/\/www.leperrierveloclub.com\/index.php\/les-actualites\/infos\/la-velautomne-cyclosportive-categorie-feminine-du-22092012-1089","title":{"rendered":"La V\u00e9l&rsquo;Automne Cyclosportive Cat\u00e9gorie F\u00e9minine du 22\/09\/2012"},"content":{"rendered":"<h1>La V\u00e9l&rsquo;Automne Cyclosportive Cat\u00e9gorie F\u00e9minine du 22\/09\/2012<\/h1>\n<h2>R\u00e9sultats de la V\u00e9l&rsquo;Automne Cyclosportive Cat\u00e9gorie F\u00e9minine du 22\/09\/2012<\/h2>\n<table width=\"504\" border=\"0\" cellspacing=\"0\" cellpadding=\"0\">\n<colgroup>\n<col width=\"77\" \/>\n<col width=\"105\" \/>\n<col width=\"98\" \/>\n<col width=\"224\" \/> <\/colgroup>\n<tbody>\n<tr>\n<th width=\"77\" height=\"20\">CLASSEMENT<\/th>\n<th width=\"105\">NOM<\/th>\n<th width=\"98\">PRENOM<\/th>\n<th width=\"224\">CLUB<\/th>\n<\/tr>\n<tr>\n<td height=\"20\">1<\/td>\n<td>PORODO<\/td>\n<td>Anne<\/td>\n<td>NL<\/td>\n<\/tr>\n<tr>\n<td height=\"20\"><span style=\"color: #33b730;\">2<\/span><\/td>\n<td><span style=\"color: #33b730;\">GUEGAN<\/span><\/td>\n<td><span style=\"color: #33b730;\">Florence<\/span><\/td>\n<td><span style=\"color: #33b730;\">LE PERRIER VELO CLUB<\/span><\/td>\n<\/tr>\n<tr>\n<td height=\"20\">3<\/td>\n<td>THUREAU<\/td>\n<td>Gis\u00e8le<\/td>\n<td>CHOLET VELO SPORT<\/td>\n<\/tr>\n<\/tbody>\n<\/table>\n<h2>Albums Photos de la V\u00e9l&rsquo;Automne Cyclosportive Cat\u00e9gorie F\u00e9minine du 22\/09\/2012<\/h2>\n<h2>ngg_shortcode_0_placeholder<\/h2>\n","protected":false},"excerpt":{"rendered":"<p>La V\u00e9l&rsquo;Automne Cyclosportive Cat\u00e9gorie F\u00e9minine du 22\/09\/2012 R\u00e9sultats de la V\u00e9l&rsquo;Automne Cyclosportive Cat\u00e9gorie F\u00e9minine du 22\/09\/2012 CLASSEMENT NOM PRENOM CLUB 1 PORODO Anne NL 2 GUEGAN Florence LE PERRIER VELO &#8230;<\/p>\n","protected":false},"author":3,"featured_media":0,"comment_status":"closed","ping_status":"closed","sticky":false,"template":"","format":"standard","meta":{"ngg_post_thumbnail":0,"footnotes":""},"categories":[5,6],"tags":[595,568,596],"class_list":["post-1089","post","type-post","status-publish","format-standard","hentry","category-infos","category-les-actualites","tag-cyclosportive","tag-florence-guegan","tag-la-velautomne"],"_links":{"self":[{"href":"http:\/\/www.leperrierveloclub.com\/index.php\/wp-json\/wp\/v2\/posts\/1089","targetHints":{"allow":["GET"]}}],"collection":[{"href":"http:\/\/www.leperrierveloclub.com\/index.php\/wp-json\/wp\/v2\/posts"}],"about":[{"href":"http:\/\/www.leperrierveloclub.com\/index.php\/wp-json\/wp\/v2\/types\/post"}],"author":[{"embeddable":true,"href":"http:\/\/www.leperrierveloclub.com\/index.php\/wp-json\/wp\/v2\/users\/3"}],"replies":[{"embeddable":true,"href":"http:\/\/www.leperrierveloclub.com\/index.php\/wp-json\/wp\/v2\/comments?post=1089"}],"version-history":[{"count":4,"href":"http:\/\/www.leperrierveloclub.com\/index.php\/wp-json\/wp\/v2\/posts\/1089\/revisions"}],"predecessor-version":[{"id":1102,"href":"http:\/\/www.leperrierveloclub.com\/index.php\/wp-json\/wp\/v2\/posts\/1089\/revisions\/1102"}],"wp:attachment":[{"href":"http:\/\/www.leperrierveloclub.com\/index.php\/wp-json\/wp\/v2\/media?parent=1089"}],"wp:term":[{"taxonomy":"category","embeddable":true,"href":"http:\/\/www.leperrierveloclub.com\/index.php\/wp-json\/wp\/v2\/categories?post=1089"},{"taxonomy":"post_tag","embeddable":true,"href":"http:\/\/www.leperrierveloclub.com\/index.php\/wp-json\/wp\/v2\/tags?post=1089"}],"curies":[{"name":"wp","href":"https:\/\/api.w.org\/{rel}","templated":true}]}}